{"id":187598,"date":"2017-01-12T11:37:14","date_gmt":"2017-01-12T10:37:14","guid":{"rendered":"http:\/\/www.radioluna.it\/news\/?p=187598"},"modified":"2017-01-13T07:06:45","modified_gmt":"2017-01-13T06:06:45","slug":"roberto-insigne-al-latina-ora-e-ufficiale","status":"publish","type":"post","link":"https:\/\/www.radioluna.it\/news\/2017\/01\/roberto-insigne-al-latina-ora-e-ufficiale\/","title":{"rendered":"Calcio Mercato, Roberto Insigne al Latina: ora \u00e8 ufficiale"},"content":{"rendered":"<div id=\"fb-root\"><\/div>\n<p style=\"text-align: justify;\"><a href=\"http:\/\/www.radioluna.it\/news\/wp-content\/uploads\/2017\/01\/roberto-Insigne-1.jpg\"><img loading=\"lazy\" decoding=\"async\" class=\"aligncenter size-thumbnail wp-image-187613\" src=\"http:\/\/www.radioluna.it\/news\/wp-content\/uploads\/2017\/01\/roberto-Insigne-1-689x458.jpg\" alt=\"\" width=\"689\" height=\"458\" srcset=\"https:\/\/www.radioluna.it\/news\/wp-content\/uploads\/2017\/01\/roberto-Insigne-1-689x458.jpg 689w, https:\/\/www.radioluna.it\/news\/wp-content\/uploads\/2017\/01\/roberto-Insigne-1-300x200.jpg 300w, https:\/\/www.radioluna.it\/news\/wp-content\/uploads\/2017\/01\/roberto-Insigne-1-768x511.jpg 768w, https:\/\/www.radioluna.it\/news\/wp-content\/uploads\/2017\/01\/roberto-Insigne-1.jpg 800w\" sizes=\"auto, (max-width: 689px) 100vw, 689px\" \/><\/a><\/p>\n<p style=\"text-align: justify;\"><strong>LATINA<\/strong> &#8211; E&#8217; stato Maurizio Sarri a consigliargli di venire al Latina, come ha confermato oggi nel corso della conferenza stampa di presentazione il diesse del Latina Mauro Facci.\u00a0 Roberto Insigne, attaccante di 23 anni, fratello minore del pi\u00f9 famoso Lorenzo \u00e8 il primo colpo di mercato di gennaio. L&#8217;anno scorso era ad Avellino, poi per sei mesi \u00e8 stato a Napoli.<\/p>\n<p style=\"text-align: justify;\">&lt;Ho scelto Latina perch\u00e9 \u00e8 un club che d\u00e0 fiducia ai giovani e che merita tanto, lascio Napoli dove ho trascorso un periodo importante e che mi ha fatto crescere ora\u00a0 sono\u00a0 a Latina dove voglio mettermi in mostra. Con mio fratello ho un bellissimo rapporto e mi d\u00e0 tanti consigli, non mi pesa l&#8217;etichetta di essere il fratello di Lorenzo. Non a caso ho scelto Latina per dimostrare che io sono Roberto. Dal punto di vista fisico mi sento al 100%&gt;.<\/p>\n<p style=\"text-align: justify;\">Su Insigne c&#8217;era stato l&#8217;interessamento dell&#8217; Ascoli, della Pro Vercelli e della Ternana. &lt;Ho scelto Latina perch\u00e8 quando ero venuto da avversario mi era piaciuto l&#8217;ambiente e mi ha consigliato anche Maurizio Sarri di venire qui,\u00a0 mi ha parlato benissimo di Vivarini, lo ha descritto come un tecnico preparato e che fa giocare bene le squadre&gt;. Sul fronte delle partenze del mercato, il diesse Mauro Facci ha sostenuto che Acosty, Corvia e Mariga sono giocatori importanti e che non saranno ceduti mentre lasceranno il club nerazzurro\u00a0 i giocatori che fino a questo momento hanno trovato meno spazio.<\/p>\n<p>&nbsp;<\/p>\n","protected":false},"excerpt":{"rendered":"<p>LATINA &#8211; E&#8217; stato Maurizio Sarri a consigliargli di venire al Latina, come ha confermato oggi nel corso della conferenza stampa di presentazione il diesse del Latina Mauro Facci.\u00a0 Roberto Insigne, attaccante di 23 anni, fratello minore del pi\u00f9 famoso Lorenzo \u00e8 il primo colpo di mercato di gennaio. L&#8217;anno scorso era ad Avellino, poi [&hellip;]<\/p>\n","protected":false},"author":62,"featured_media":187613,"comment_status":"open","ping_status":"closed","sticky":false,"template":"","format":"standard","meta":{"footnotes":""},"categories":[17],"tags":[],"class_list":["post-187598","post","type-post","status-publish","format-standard","has-post-thumbnail","hentry","category-sport"],"_links":{"self":[{"href":"https:\/\/www.radioluna.it\/news\/wp-json\/wp\/v2\/posts\/187598","targetHints":{"allow":["GET"]}}],"collection":[{"href":"https:\/\/www.radioluna.it\/news\/wp-json\/wp\/v2\/posts"}],"about":[{"href":"https:\/\/www.radioluna.it\/news\/wp-json\/wp\/v2\/types\/post"}],"author":[{"embeddable":true,"href":"https:\/\/www.radioluna.it\/news\/wp-json\/wp\/v2\/users\/62"}],"replies":[{"embeddable":true,"href":"https:\/\/www.radioluna.it\/news\/wp-json\/wp\/v2\/comments?post=187598"}],"version-history":[{"count":0,"href":"https:\/\/www.radioluna.it\/news\/wp-json\/wp\/v2\/posts\/187598\/revisions"}],"wp:featuredmedia":[{"embeddable":true,"href":"https:\/\/www.radioluna.it\/news\/wp-json\/wp\/v2\/media\/187613"}],"wp:attachment":[{"href":"https:\/\/www.radioluna.it\/news\/wp-json\/wp\/v2\/media?parent=187598"}],"wp:term":[{"taxonomy":"category","embeddable":true,"href":"https:\/\/www.radioluna.it\/news\/wp-json\/wp\/v2\/categories?post=187598"},{"taxonomy":"post_tag","embeddable":true,"href":"https:\/\/www.radioluna.it\/news\/wp-json\/wp\/v2\/tags?post=187598"}],"curies":[{"name":"wp","href":"https:\/\/api.w.org\/{rel}","templated":true}]}}