{"id":187604,"date":"2017-01-12T13:16:46","date_gmt":"2017-01-12T12:16:46","guid":{"rendered":"http:\/\/www.radioluna.it\/news\/?p=187604"},"modified":"2017-01-12T13:16:46","modified_gmt":"2017-01-12T12:16:46","slug":"precari-asl-interrogazione-ai-ministri-sulla-mancata-stabilizzazione","status":"publish","type":"post","link":"https:\/\/www.radioluna.it\/news\/2017\/01\/precari-asl-interrogazione-ai-ministri-sulla-mancata-stabilizzazione\/","title":{"rendered":"Precari Asl, interrogazione ai Ministri sulla mancata stabilizzazione"},"content":{"rendered":"<div id=\"fb-root\"><\/div>\n<div id=\"attachment_167167\" style=\"width: 645px\" class=\"wp-caption aligncenter\"><img loading=\"lazy\" decoding=\"async\" aria-describedby=\"caption-attachment-167167\" class=\"size-thumbnail wp-image-167167\" src=\"http:\/\/www.radioluna.it\/news\/wp-content\/uploads\/2015\/08\/ospedale-goretti-635x357.jpg\" alt=\"\" width=\"635\" height=\"357\" srcset=\"https:\/\/www.radioluna.it\/news\/wp-content\/uploads\/2015\/08\/ospedale-goretti-635x357.jpg 635w, https:\/\/www.radioluna.it\/news\/wp-content\/uploads\/2015\/08\/ospedale-goretti-768x432.jpg 768w, https:\/\/www.radioluna.it\/news\/wp-content\/uploads\/2015\/08\/ospedale-goretti-500x281.jpg 500w, https:\/\/www.radioluna.it\/news\/wp-content\/uploads\/2015\/08\/ospedale-goretti-300x169.jpg 300w, https:\/\/www.radioluna.it\/news\/wp-content\/uploads\/2015\/08\/ospedale-goretti-1024x576.jpg 1024w, https:\/\/www.radioluna.it\/news\/wp-content\/uploads\/2015\/08\/ospedale-goretti-800x450.jpg 800w, https:\/\/www.radioluna.it\/news\/wp-content\/uploads\/2015\/08\/ospedale-goretti.jpg 1000w\" sizes=\"auto, (max-width: 635px) 100vw, 635px\" \/><p id=\"caption-attachment-167167\" class=\"wp-caption-text\">L&#8217;ospedale Goretti di Latina<\/p><\/div>\n<p style=\"text-align: justify;\"><strong>LATINA<\/strong> &#8211; Il senatore di Fi Claudio Fazzone annuncia di aver presentato una interrogazione urgente, ai ministri della Sanit\u00e0, per gli Affari Regionali e Autonomie, del Lavoro e delle Politiche sociali e per la Semplificazione e la Pubblica Amministrazione, per chiedere quali siano le ragioni e i criteri in base ai quali la Regione Lazio abbia ritenuto di escludere i precari della Asl di Latina dal processo di stabilizzazione. &#8220;Ho chiesto con quali provvedimenti e azioni\u00a0 intendano\u00a0intervenire, anche nei confronti del commissario ad acta, Zingaretti, per tutelare il diritto al lavoro stabile dei precari della Asl di Latina ingiustamente esclusi dalla possibilit\u00e0 di stabilizzare un rapporto di lavoro che di fatto non pu\u00f2 che ritenersi consolidato. Nonch\u00e9 di valutare se le decisioni e gli atti conseguenti adottati in palese violazione del dettato costituzionale, e non solo, non impongano la revisione del decreto a firma di Zingaretti, del 23 dicembre 2016, ponendo rimedio all\u2019illegittima ed ingiusta esclusione dei precari dell\u2019Asl di Latina dal processo di stabilizzazione&#8221;.<\/p>\n<p style=\"text-align: justify;\">Per il coordinatore regionale azzurro, l\u2019esclusione dei soli precari della Asl di Latina &#8220;viola il principio di eguaglianza costituzionalmente garantito. Crea una ingiusta ed illegittima disparit\u00e0 di trattamento con i precari, aventi identici requisiti&#8221; e si pone in contrasto con la sentenza della Corte di Giustizia Europea, del 26 novembre 2014, con cui l\u2019Italia \u00e8 stata condannata per l\u2019abuso di contratti a termine ponendo le basi giuridiche per la stabilizzazione di tutto il personale precario della pubblica amministrazione&#8221;.<\/p>\n","protected":false},"excerpt":{"rendered":"<p>LATINA &#8211; Il senatore di Fi Claudio Fazzone annuncia di aver presentato una interrogazione urgente, ai ministri della Sanit\u00e0, per gli Affari Regionali e Autonomie, del Lavoro e delle Politiche sociali e per la Semplificazione e la Pubblica Amministrazione, per chiedere quali siano le ragioni e i criteri in base ai quali la Regione Lazio [&hellip;]<\/p>\n","protected":false},"author":62,"featured_media":167167,"comment_status":"open","ping_status":"closed","sticky":false,"template":"","format":"standard","meta":{"footnotes":""},"categories":[7],"tags":[],"class_list":["post-187604","post","type-post","status-publish","format-standard","has-post-thumbnail","hentry","category-cronaca"],"_links":{"self":[{"href":"https:\/\/www.radioluna.it\/news\/wp-json\/wp\/v2\/posts\/187604","targetHints":{"allow":["GET"]}}],"collection":[{"href":"https:\/\/www.radioluna.it\/news\/wp-json\/wp\/v2\/posts"}],"about":[{"href":"https:\/\/www.radioluna.it\/news\/wp-json\/wp\/v2\/types\/post"}],"author":[{"embeddable":true,"href":"https:\/\/www.radioluna.it\/news\/wp-json\/wp\/v2\/users\/62"}],"replies":[{"embeddable":true,"href":"https:\/\/www.radioluna.it\/news\/wp-json\/wp\/v2\/comments?post=187604"}],"version-history":[{"count":0,"href":"https:\/\/www.radioluna.it\/news\/wp-json\/wp\/v2\/posts\/187604\/revisions"}],"wp:featuredmedia":[{"embeddable":true,"href":"https:\/\/www.radioluna.it\/news\/wp-json\/wp\/v2\/media\/167167"}],"wp:attachment":[{"href":"https:\/\/www.radioluna.it\/news\/wp-json\/wp\/v2\/media?parent=187604"}],"wp:term":[{"taxonomy":"category","embeddable":true,"href":"https:\/\/www.radioluna.it\/news\/wp-json\/wp\/v2\/categories?post=187604"},{"taxonomy":"post_tag","embeddable":true,"href":"https:\/\/www.radioluna.it\/news\/wp-json\/wp\/v2\/tags?post=187604"}],"curies":[{"name":"wp","href":"https:\/\/api.w.org\/{rel}","templated":true}]}}