{"id":187605,"date":"2017-01-18T13:40:34","date_gmt":"2017-01-18T12:40:34","guid":{"rendered":"http:\/\/www.radioluna.it\/news\/?p=187605"},"modified":"2017-01-20T12:46:57","modified_gmt":"2017-01-20T11:46:57","slug":"a-maenza-il-primo-instameet-del-2017-evento-con-100-instagramer","status":"publish","type":"post","link":"https:\/\/www.radioluna.it\/news\/2017\/01\/a-maenza-il-primo-instameet-del-2017-evento-con-100-instagramer\/","title":{"rendered":"A Maenza il primo Instameet del 2017 degli IgersLatina"},"content":{"rendered":"<div id=\"fb-root\"><\/div>\n<p style=\"text-align: justify;\"><strong><img loading=\"lazy\" decoding=\"async\" class=\"aligncenter size-thumbnail wp-image-187888\" src=\"http:\/\/www.radioluna.it\/news\/wp-content\/uploads\/2017\/01\/francsco-montefusco-689x459.jpg\" alt=\"\" width=\"689\" height=\"459\" srcset=\"https:\/\/www.radioluna.it\/news\/wp-content\/uploads\/2017\/01\/francsco-montefusco-689x459.jpg 689w, https:\/\/www.radioluna.it\/news\/wp-content\/uploads\/2017\/01\/francsco-montefusco-300x200.jpg 300w, https:\/\/www.radioluna.it\/news\/wp-content\/uploads\/2017\/01\/francsco-montefusco-768x511.jpg 768w, https:\/\/www.radioluna.it\/news\/wp-content\/uploads\/2017\/01\/francsco-montefusco-800x533.jpg 800w, https:\/\/www.radioluna.it\/news\/wp-content\/uploads\/2017\/01\/francsco-montefusco.jpg 960w\" sizes=\"auto, (max-width: 689px) 100vw, 689px\" \/>MAENZA<\/strong> &#8211; Si terr\u00e0 a Maenza il primo Instameet 2017 della provincia di Latina che sposter\u00e0 l&#8217;attenzione degli IgersLatina sull&#8217;entroterra pontino. L&#8217;appuntamento \u00e8 per il <span class=\"m_8139501363724281077gmail-m_2899822988181283819gmail-m_-4034729058292133513gmail-m_-5232172382806207945gmail-s1\">\u00a028 gennaio dalle 10,30 con l&#8217;evento dal titolo &#8220;Maenza &#8211; lo splendore Medievale, dalla Loggia dei Mercanti al Castello Baronale&#8221; nato dalla collaborazione tra Igerslatina, Community Instagram ufficiale della nostra Provincia, e il Comune di Maenza e che <\/span><span class=\"m_8139501363724281077gmail-m_2899822988181283819gmail-m_-4034729058292133513gmail-m_-5232172382806207945gmail-s1\">ha registrato il tutto esaurito in pochi giorni.<\/span><\/p>\n<p style=\"text-align: justify;\"><span class=\"m_8139501363724281077gmail-m_2899822988181283819gmail-m_-4034729058292133513gmail-m_-5232172382806207945gmail-s1\"><img loading=\"lazy\" decoding=\"async\" class=\"alignleft wp-image-187606 size-medium\" src=\"http:\/\/www.radioluna.it\/news\/wp-content\/uploads\/2017\/01\/locandinaMaenzaOK-300x300.png\" width=\"300\" height=\"300\" srcset=\"https:\/\/www.radioluna.it\/news\/wp-content\/uploads\/2017\/01\/locandinaMaenzaOK-300x300.png 300w, https:\/\/www.radioluna.it\/news\/wp-content\/uploads\/2017\/01\/locandinaMaenzaOK-50x50.png 50w, https:\/\/www.radioluna.it\/news\/wp-content\/uploads\/2017\/01\/locandinaMaenzaOK.png 640w\" sizes=\"auto, (max-width: 300px) 100vw, 300px\" \/>&#8220;Cento \u00a0Instagramers\u00a0 dovranno raccontare al mondo la bellezza e la storia di questo meraviglioso borgo del Lazio&#8221;,\u00a0spiega Francesco Montefusco tra i fondatori di IgersLatina, \u00a0sottolineando anche che <\/span>al castello Baronale di Maenza sar\u00e0 presentato\u00a0<b>#ColliPontini<\/b>, il nuovo progetto della Community per la promozione digitale del territorio che si affiancher\u00e0 nel 2017 a #RivieraPontina, lanciata poco pi\u00f9 di un anno fa. \u00a0E questo \u00a0perch\u00e9 Instagram \u00e8 ogni giorno di pi\u00f9 un veloce mezzo di promozione turistica del territorio essendo gli instagramers fotografi sempre pi\u00f9 abili, ma soprattutto capaci di inondare il web di immagini esclusive scattate in luoghi straordinari e magari misconosciuti, proiettandoli cos\u00ec all&#8217;attenzione del mondo.<\/p>\n<p style=\"text-align: justify;\"><strong>ASCOLTA Francesco Montefusco<\/strong><\/p>\n<audio class=\"wp-audio-shortcode\" id=\"audio-187605-1\" preload=\"none\" style=\"width: 100%;\" controls=\"controls\"><source type=\"audio\/mpeg\" src=\"http:\/\/www.radioluna.it\/news\/wp-content\/uploads\/2017\/01\/qui-latina-per-sito-6.mp3?_=1\" \/><a href=\"http:\/\/www.radioluna.it\/news\/wp-content\/uploads\/2017\/01\/qui-latina-per-sito-6.mp3\">http:\/\/www.radioluna.it\/news\/wp-content\/uploads\/2017\/01\/qui-latina-per-sito-6.mp3<\/a><\/audio>\n<p style=\"text-align: justify;\">IL PROGRAMMA DELLA GIORNATA &#8211; Gli Instagramer partecipanti si daranno appuntamento alle 10,30 alla Loggia dei Mercanti da dove partir\u00e0 la passeggiata fotografica con visita guidata della citt\u00e0 medievale. Dopo la presentazione alla stampa del progetto #ColliPOntini, la community parteciper\u00e0 ad una polentata al \u00a0Castello Baronale (solo per possessori di biglietto consegnato a inizio evento). Poi, alle 15m l&#8217;<strong>Empty<\/strong> al Castello Baronale e inaugurazione stagione 2017 della @IgersLatinaGallery, con una mostra fotografica itinerante.<\/p>\n<p class=\"m_8139501363724281077gmail-m_2899822988181283819gmail-m_-4034729058292133513gmail-m_-5232172382806207945gmail-p1\">\n<div class=\"radio-posizionamento-telefono-in-articoli-dopo-il-contenuto-articolo radio-entity-placement\" id=\"radio-531995609\"><div id=\"radio-2474121490\"><a href=\"https:\/\/www.simeoneceramiche.com\/\" aria-label=\"SIMEONE CERAMICHE GIF animata per radioluna_Tavola disegno 1 copia 2 (online-video-cutter.com)\"><img loading=\"lazy\" decoding=\"async\" src=\"https:\/\/www.radioluna.it\/news\/wp-content\/uploads\/2025\/05\/SIMEONE-CERAMICHE-GIF-animata-per-radioluna_Tavola-disegno-1-copia-2-online-video-cutter.com_.gif\" alt=\"\"  width=\"300\" height=\"250\"   \/><\/a><\/div><\/div>","protected":false},"excerpt":{"rendered":"<p>MAENZA &#8211; Si terr\u00e0 a Maenza il primo Instameet 2017 della provincia di Latina che sposter\u00e0 l&#8217;attenzione degli IgersLatina sull&#8217;entroterra pontino. L&#8217;appuntamento \u00e8 per il \u00a028 gennaio dalle 10,30 con l&#8217;evento dal titolo &#8220;Maenza &#8211; lo splendore Medievale, dalla Loggia dei Mercanti al Castello Baronale&#8221; nato dalla collaborazione tra Igerslatina, Community Instagram ufficiale della nostra [&hellip;]<\/p>\n","protected":false},"author":62,"featured_media":187888,"comment_status":"open","ping_status":"closed","sticky":false,"template":"","format":"standard","meta":{"footnotes":""},"categories":[735,2310],"tags":[],"class_list":["post-187605","post","type-post","status-publish","format-standard","has-post-thumbnail","hentry","category-attualita","category-audio"],"_links":{"self":[{"href":"https:\/\/www.radioluna.it\/news\/wp-json\/wp\/v2\/posts\/187605","targetHints":{"allow":["GET"]}}],"collection":[{"href":"https:\/\/www.radioluna.it\/news\/wp-json\/wp\/v2\/posts"}],"about":[{"href":"https:\/\/www.radioluna.it\/news\/wp-json\/wp\/v2\/types\/post"}],"author":[{"embeddable":true,"href":"https:\/\/www.radioluna.it\/news\/wp-json\/wp\/v2\/users\/62"}],"replies":[{"embeddable":true,"href":"https:\/\/www.radioluna.it\/news\/wp-json\/wp\/v2\/comments?post=187605"}],"version-history":[{"count":0,"href":"https:\/\/www.radioluna.it\/news\/wp-json\/wp\/v2\/posts\/187605\/revisions"}],"wp:featuredmedia":[{"embeddable":true,"href":"https:\/\/www.radioluna.it\/news\/wp-json\/wp\/v2\/media\/187888"}],"wp:attachment":[{"href":"https:\/\/www.radioluna.it\/news\/wp-json\/wp\/v2\/media?parent=187605"}],"wp:term":[{"taxonomy":"category","embeddable":true,"href":"https:\/\/www.radioluna.it\/news\/wp-json\/wp\/v2\/categories?post=187605"},{"taxonomy":"post_tag","embeddable":true,"href":"https:\/\/www.radioluna.it\/news\/wp-json\/wp\/v2\/tags?post=187605"}],"curies":[{"name":"wp","href":"https:\/\/api.w.org\/{rel}","templated":true}]}}