{"id":187609,"date":"2017-01-12T14:17:49","date_gmt":"2017-01-12T13:17:49","guid":{"rendered":"http:\/\/www.radioluna.it\/news\/?p=187609"},"modified":"2017-01-12T14:17:49","modified_gmt":"2017-01-12T13:17:49","slug":"morta-dopo-un-bypass-gastrico-eseguita-lautopsia-sulla-31-enne-di-latina","status":"publish","type":"post","link":"https:\/\/www.radioluna.it\/news\/2017\/01\/morta-dopo-un-bypass-gastrico-eseguita-lautopsia-sulla-31-enne-di-latina\/","title":{"rendered":"Morta dopo un bypass gastrico, eseguita l&#8217;autopsia sulla 31 enne di Latina"},"content":{"rendered":"<div id=\"fb-root\"><\/div>\n<div id=\"attachment_187610\" style=\"width: 270px\" class=\"wp-caption alignleft\"><img loading=\"lazy\" decoding=\"async\" aria-describedby=\"caption-attachment-187610\" class=\"size-full wp-image-187610\" src=\"http:\/\/www.radioluna.it\/news\/wp-content\/uploads\/2017\/01\/Sara-Roncucci.jpg\" alt=\"\" width=\"260\" height=\"419\" srcset=\"https:\/\/www.radioluna.it\/news\/wp-content\/uploads\/2017\/01\/Sara-Roncucci.jpg 260w, https:\/\/www.radioluna.it\/news\/wp-content\/uploads\/2017\/01\/Sara-Roncucci-186x300.jpg 186w\" sizes=\"auto, (max-width: 260px) 100vw, 260px\" \/><p id=\"caption-attachment-187610\" class=\"wp-caption-text\">Sara Roncucci<\/p><\/div>\n<p style=\"text-align: justify;\"><strong>LATINA<\/strong> &#8211;\u00a0Saranno celebrati sabato (14 gennaio), alle 10, nella chiesa di Santa Maria di Sessano, a Borgo Podgora, dove risiedeva con il compagno Alessandro e i due figli di 12 e 3 anni, i funerali di Sara Roncucci, la 31 enne morta dopo Natale a tre mesi da un intervento di bypass gastrico cui si era sottoposta \u00a0il 2 settembre per problemi di peso. Sul caso \u00e8 aperta un&#8217;inchiesta nella quale sono indagate 25 persone, tra cui anche 8 sanitari dell&#8217;ospedale Goretti di Latina. Il magistrato ha anche disposto il sequestro delle cartelle cliniche delle tre strutture in cui \u00e8 stata ricoverata la donna: la clinica senese in cui fu eseguito l&#8217;intervento, il Goretti dove la paziente fu ricoverata per una vasta emorragia addominale e la struttura di riabilitazione nella quale si trovava il giorno della morte il 27 dicembre.<\/p>\n<p style=\"text-align: justify;\">Il nulla osta del magistrato \u00e8 arrivato dopo l&#8217;esame autoptico disposto dal sostituto procuratore di Bergamo, Gianluigi Dettori, ed eseguito ieri dal medico legale Matteo Marchesi presso l&#8217;ospedale San Giovanni XXIII di Bergamo. Per avere delle risposte pi\u00f9 complete bisogner\u00e0 per\u00f2 attendere l&#8217;esito degli esami istologici.<\/p>\n<p>I familiari della donna hanno presentato un esposto presso i carabinieri di Zingonia e sono assistiti dagli avvocati Simona Longo e Carmine Romano dello Studio3A.<\/p>\n<p>&nbsp;<\/p>\n","protected":false},"excerpt":{"rendered":"<p>LATINA &#8211;\u00a0Saranno celebrati sabato (14 gennaio), alle 10, nella chiesa di Santa Maria di Sessano, a Borgo Podgora, dove risiedeva con il compagno Alessandro e i due figli di 12 e 3 anni, i funerali di Sara Roncucci, la 31 enne morta dopo Natale a tre mesi da un intervento di bypass gastrico cui si [&hellip;]<\/p>\n","protected":false},"author":62,"featured_media":187610,"comment_status":"open","ping_status":"closed","sticky":false,"template":"","format":"standard","meta":{"footnotes":""},"categories":[7],"tags":[],"class_list":["post-187609","post","type-post","status-publish","format-standard","has-post-thumbnail","hentry","category-cronaca"],"_links":{"self":[{"href":"https:\/\/www.radioluna.it\/news\/wp-json\/wp\/v2\/posts\/187609","targetHints":{"allow":["GET"]}}],"collection":[{"href":"https:\/\/www.radioluna.it\/news\/wp-json\/wp\/v2\/posts"}],"about":[{"href":"https:\/\/www.radioluna.it\/news\/wp-json\/wp\/v2\/types\/post"}],"author":[{"embeddable":true,"href":"https:\/\/www.radioluna.it\/news\/wp-json\/wp\/v2\/users\/62"}],"replies":[{"embeddable":true,"href":"https:\/\/www.radioluna.it\/news\/wp-json\/wp\/v2\/comments?post=187609"}],"version-history":[{"count":0,"href":"https:\/\/www.radioluna.it\/news\/wp-json\/wp\/v2\/posts\/187609\/revisions"}],"wp:featuredmedia":[{"embeddable":true,"href":"https:\/\/www.radioluna.it\/news\/wp-json\/wp\/v2\/media\/187610"}],"wp:attachment":[{"href":"https:\/\/www.radioluna.it\/news\/wp-json\/wp\/v2\/media?parent=187609"}],"wp:term":[{"taxonomy":"category","embeddable":true,"href":"https:\/\/www.radioluna.it\/news\/wp-json\/wp\/v2\/categories?post=187609"},{"taxonomy":"post_tag","embeddable":true,"href":"https:\/\/www.radioluna.it\/news\/wp-json\/wp\/v2\/tags?post=187609"}],"curies":[{"name":"wp","href":"https:\/\/api.w.org\/{rel}","templated":true}]}}