{"id":187698,"date":"2017-01-14T09:22:50","date_gmt":"2017-01-14T08:22:50","guid":{"rendered":"http:\/\/www.radioluna.it\/news\/?p=187698"},"modified":"2017-01-14T17:51:36","modified_gmt":"2017-01-14T16:51:36","slug":"calcio-il-latina-in-amichevole-con-lunicusano-fondi","status":"publish","type":"post","link":"https:\/\/www.radioluna.it\/news\/2017\/01\/calcio-il-latina-in-amichevole-con-lunicusano-fondi\/","title":{"rendered":"Calcio, il Latina in amichevole con l&#8217;Unicusano Fondi"},"content":{"rendered":"<div id=\"fb-root\"><\/div>\n<p style=\"text-align: justify;\"><strong><a href=\"http:\/\/www.radioluna.it\/news\/wp-content\/uploads\/2017\/01\/15823024_1320929127928574_5369238203300392335_n.jpg\"><img loading=\"lazy\" decoding=\"async\" class=\"aligncenter wp-image-187699 size-thumbnail\" src=\"http:\/\/www.radioluna.it\/news\/wp-content\/uploads\/2017\/01\/15823024_1320929127928574_5369238203300392335_n-689x459.jpg\" width=\"689\" height=\"459\" srcset=\"https:\/\/www.radioluna.it\/news\/wp-content\/uploads\/2017\/01\/15823024_1320929127928574_5369238203300392335_n-689x459.jpg 689w, https:\/\/www.radioluna.it\/news\/wp-content\/uploads\/2017\/01\/15823024_1320929127928574_5369238203300392335_n-300x200.jpg 300w, https:\/\/www.radioluna.it\/news\/wp-content\/uploads\/2017\/01\/15823024_1320929127928574_5369238203300392335_n-768x512.jpg 768w, https:\/\/www.radioluna.it\/news\/wp-content\/uploads\/2017\/01\/15823024_1320929127928574_5369238203300392335_n-800x533.jpg 800w, https:\/\/www.radioluna.it\/news\/wp-content\/uploads\/2017\/01\/15823024_1320929127928574_5369238203300392335_n.jpg 960w\" sizes=\"auto, (max-width: 689px) 100vw, 689px\" \/><\/a>LATINA &#8211;<\/strong> A sette giorni dalla ripresa del campionato di serie B, il Latina oggi pomeriggio riceve (alle 15 al Francioni), \u00a0l&#8217;Unicusano Fondi, squadra che milita nel campionato di Lega Pro. E&#8217; un test importante in vista della ripresa della stagione con un calendario difficile: il 21 gennaio il Verona in casa, poi la trasferta a La Spezia e infine il 4 febbraio al Francioni ci sar\u00e0 l&#8217;atteso derby contro il Frosinone. Oggi l&#8217;allenatore nerazzurro Vincenzo Vivarini far\u00e0 le prove generali sulla condizioni fisiche e mentali dei suoi uomini. Ci sar\u00e0 grande curiosit\u00e0 anche per vedere all&#8217;opera Roberto Insigne, il giovane attaccante arrivato in prestito dal Napoli che far\u00e0 il suo esordio in nerazzurro. L&#8217;ingresso al Francioni per i settori di Tribuna coperta e Curva \u00a0Nord \u00e8 gratuito, la Gradinata infatti al momento \u00e8 inagibile per i lavori di ampliamento e che procedono a ritmo spedito.<\/p>\n","protected":false},"excerpt":{"rendered":"<p>LATINA &#8211; A sette giorni dalla ripresa del campionato di serie B, il Latina oggi pomeriggio riceve (alle 15 al Francioni), \u00a0l&#8217;Unicusano Fondi, squadra che milita nel campionato di Lega Pro. E&#8217; un test importante in vista della ripresa della stagione con un calendario difficile: il 21 gennaio il Verona in casa, poi la trasferta [&hellip;]<\/p>\n","protected":false},"author":60,"featured_media":187699,"comment_status":"open","ping_status":"closed","sticky":false,"template":"","format":"standard","meta":{"footnotes":""},"categories":[17],"tags":[],"class_list":["post-187698","post","type-post","status-publish","format-standard","has-post-thumbnail","hentry","category-sport"],"_links":{"self":[{"href":"https:\/\/www.radioluna.it\/news\/wp-json\/wp\/v2\/posts\/187698","targetHints":{"allow":["GET"]}}],"collection":[{"href":"https:\/\/www.radioluna.it\/news\/wp-json\/wp\/v2\/posts"}],"about":[{"href":"https:\/\/www.radioluna.it\/news\/wp-json\/wp\/v2\/types\/post"}],"author":[{"embeddable":true,"href":"https:\/\/www.radioluna.it\/news\/wp-json\/wp\/v2\/users\/60"}],"replies":[{"embeddable":true,"href":"https:\/\/www.radioluna.it\/news\/wp-json\/wp\/v2\/comments?post=187698"}],"version-history":[{"count":0,"href":"https:\/\/www.radioluna.it\/news\/wp-json\/wp\/v2\/posts\/187698\/revisions"}],"wp:featuredmedia":[{"embeddable":true,"href":"https:\/\/www.radioluna.it\/news\/wp-json\/wp\/v2\/media\/187699"}],"wp:attachment":[{"href":"https:\/\/www.radioluna.it\/news\/wp-json\/wp\/v2\/media?parent=187698"}],"wp:term":[{"taxonomy":"category","embeddable":true,"href":"https:\/\/www.radioluna.it\/news\/wp-json\/wp\/v2\/categories?post=187698"},{"taxonomy":"post_tag","embeddable":true,"href":"https:\/\/www.radioluna.it\/news\/wp-json\/wp\/v2\/tags?post=187698"}],"curies":[{"name":"wp","href":"https:\/\/api.w.org\/{rel}","templated":true}]}}