{"id":187715,"date":"2017-01-15T11:55:06","date_gmt":"2017-01-15T10:55:06","guid":{"rendered":"http:\/\/www.radioluna.it\/news\/?p=187715"},"modified":"2017-01-18T05:22:29","modified_gmt":"2017-01-18T04:22:29","slug":"chiude-il-giornale-di-latina-coletta-vicini-ai-giornalisti","status":"publish","type":"post","link":"https:\/\/www.radioluna.it\/news\/2017\/01\/chiude-il-giornale-di-latina-coletta-vicini-ai-giornalisti\/","title":{"rendered":"Chiude il Giornale di Latina, Coletta: vicini ai giornalisti"},"content":{"rendered":"<div id=\"fb-root\"><\/div>\n<p><a href=\"http:\/\/www.radioluna.it\/news\/wp-content\/uploads\/2016\/12\/damiano-coletta.jpg\"><img loading=\"lazy\" decoding=\"async\" class=\"aligncenter size-thumbnail wp-image-186008\" src=\"http:\/\/www.radioluna.it\/news\/wp-content\/uploads\/2016\/12\/damiano-coletta-689x455.jpg\" alt=\"\" width=\"689\" height=\"455\" srcset=\"https:\/\/www.radioluna.it\/news\/wp-content\/uploads\/2016\/12\/damiano-coletta-689x455.jpg 689w, https:\/\/www.radioluna.it\/news\/wp-content\/uploads\/2016\/12\/damiano-coletta-300x198.jpg 300w, https:\/\/www.radioluna.it\/news\/wp-content\/uploads\/2016\/12\/damiano-coletta-768x507.jpg 768w, https:\/\/www.radioluna.it\/news\/wp-content\/uploads\/2016\/12\/damiano-coletta-800x528.jpg 800w, https:\/\/www.radioluna.it\/news\/wp-content\/uploads\/2016\/12\/damiano-coletta.jpg 1000w\" sizes=\"auto, (max-width: 689px) 100vw, 689px\" \/><\/a><\/p>\n<p style=\"text-align: justify;\"><strong>LATINA\u00a0<\/strong>&#8211; &lt;Apprendiamo della chiusura de Il Giornale di Latina con dispiacere in quanto un quotidiano in meno in edicola \u00e8 sempre una perdita sotto il profilo del pluralismo e del confronto di voci. Lo \u00e8 ancora di pi\u00f9 per il nostro territorio che ha gi\u00e0 conosciuto esperienze simili, il Giornale \u00e8 infatti solo l\u2019ultimo della lista di quotidiani e siti di informazione che nella nostra provincia hanno chiuso i battenti e travolto tanti professionisti che, al di l\u00e0 della congiuntura economica, si ritrovano senza un lavoro e senza spettanze&gt;. E&#8217; quello che dice in una nota il sindaco di Latina Damiano Coletta sulla chiusura del quotidiano che era uscito per la prima volta in edicola due anni e mezzo fa.<\/p>\n","protected":false},"excerpt":{"rendered":"<p>LATINA\u00a0&#8211; &lt;Apprendiamo della chiusura de Il Giornale di Latina con dispiacere in quanto un quotidiano in meno in edicola \u00e8 sempre una perdita sotto il profilo del pluralismo e del confronto di voci. Lo \u00e8 ancora di pi\u00f9 per il nostro territorio che ha gi\u00e0 conosciuto esperienze simili, il Giornale \u00e8 infatti solo l\u2019ultimo della [&hellip;]<\/p>\n","protected":false},"author":60,"featured_media":186008,"comment_status":"open","ping_status":"closed","sticky":false,"template":"","format":"standard","meta":{"footnotes":""},"categories":[735],"tags":[],"class_list":["post-187715","post","type-post","status-publish","format-standard","has-post-thumbnail","hentry","category-attualita"],"_links":{"self":[{"href":"https:\/\/www.radioluna.it\/news\/wp-json\/wp\/v2\/posts\/187715","targetHints":{"allow":["GET"]}}],"collection":[{"href":"https:\/\/www.radioluna.it\/news\/wp-json\/wp\/v2\/posts"}],"about":[{"href":"https:\/\/www.radioluna.it\/news\/wp-json\/wp\/v2\/types\/post"}],"author":[{"embeddable":true,"href":"https:\/\/www.radioluna.it\/news\/wp-json\/wp\/v2\/users\/60"}],"replies":[{"embeddable":true,"href":"https:\/\/www.radioluna.it\/news\/wp-json\/wp\/v2\/comments?post=187715"}],"version-history":[{"count":0,"href":"https:\/\/www.radioluna.it\/news\/wp-json\/wp\/v2\/posts\/187715\/revisions"}],"wp:featuredmedia":[{"embeddable":true,"href":"https:\/\/www.radioluna.it\/news\/wp-json\/wp\/v2\/media\/186008"}],"wp:attachment":[{"href":"https:\/\/www.radioluna.it\/news\/wp-json\/wp\/v2\/media?parent=187715"}],"wp:term":[{"taxonomy":"category","embeddable":true,"href":"https:\/\/www.radioluna.it\/news\/wp-json\/wp\/v2\/categories?post=187715"},{"taxonomy":"post_tag","embeddable":true,"href":"https:\/\/www.radioluna.it\/news\/wp-json\/wp\/v2\/tags?post=187715"}],"curies":[{"name":"wp","href":"https:\/\/api.w.org\/{rel}","templated":true}]}}