{"id":187746,"date":"2017-01-24T08:52:13","date_gmt":"2017-01-24T07:52:13","guid":{"rendered":"http:\/\/www.radioluna.it\/news\/?p=187746"},"modified":"2017-01-24T17:36:50","modified_gmt":"2017-01-24T16:36:50","slug":"mannarino-alla-feltrinelli-di-latina","status":"publish","type":"post","link":"https:\/\/www.radioluna.it\/news\/2017\/01\/mannarino-alla-feltrinelli-di-latina\/","title":{"rendered":"Mannarino alla Feltrinelli di Latina"},"content":{"rendered":"<div id=\"fb-root\"><\/div>\n<p style=\"text-align: justify;\"><img loading=\"lazy\" decoding=\"async\" class=\"aligncenter size-thumbnail wp-image-186221\" src=\"http:\/\/www.radioluna.it\/news\/wp-content\/uploads\/2016\/12\/il-circeo-visto-da-mannarino-e-d-689x388.jpg\" alt=\"\" width=\"689\" height=\"388\" srcset=\"https:\/\/www.radioluna.it\/news\/wp-content\/uploads\/2016\/12\/il-circeo-visto-da-mannarino-e-d-689x388.jpg 689w, https:\/\/www.radioluna.it\/news\/wp-content\/uploads\/2016\/12\/il-circeo-visto-da-mannarino-e-d-300x169.jpg 300w, https:\/\/www.radioluna.it\/news\/wp-content\/uploads\/2016\/12\/il-circeo-visto-da-mannarino-e-d-768x432.jpg 768w, https:\/\/www.radioluna.it\/news\/wp-content\/uploads\/2016\/12\/il-circeo-visto-da-mannarino-e-d-1024x576.jpg 1024w, https:\/\/www.radioluna.it\/news\/wp-content\/uploads\/2016\/12\/il-circeo-visto-da-mannarino-e-d-800x450.jpg 800w, https:\/\/www.radioluna.it\/news\/wp-content\/uploads\/2016\/12\/il-circeo-visto-da-mannarino-e-d.jpg 1280w\" sizes=\"auto, (max-width: 689px) 100vw, 689px\" \/><strong>LATINA<\/strong> &#8211; Marted\u00ec 24 gennaio alle 18 Alessandro Mannarino sar\u00e0 alla Feltrinelli di Latina per presentare il suo ultimo lavoro &#8220;Apriti Cielo&#8221; accompagnato da un <a href=\"http:\/\/www.radioluna.it\/news\/2016\/12\/il-circeo-visto-da-mannarino-e-da-una-guida-naturalistica\/\">bel video<\/a> girato proprio in provincia di Latina, tra Circeo e Sabaudia. Il cantautore \u00e8 partito da Torino con l&#8217;instore tour, che lo porter\u00e0 nelle librerie Feltrinelli delle principali citt\u00e0 italiane per una serie di \u201cincontri a cielo aperto\u201d in cui incontrer\u00e0 il suo pubblico.<\/p>\n<p style=\"text-align: justify;\">&#8220;Apriti Cielo Tour vedr\u00e0 Mannarino esibirsi nelle principali citt\u00e0 italiane: Pala Lottomatica diRoma (25 e 26 marzo), Estragon di Bologna (28 marzo), Nelson Mandela Forum di Firenze (31 marzo), Gran Teatro Geox di Padova (1 aprile), Fabrique di Milano (3 aprile), Teatro della Concordia di Torino (6 aprile), PalaSport Giovanni Paolo II di Pescara (8 aprile), Casa della Musica di Napoli (10 aprile).<\/p>\n<p>&nbsp;<\/p>\n","protected":false},"excerpt":{"rendered":"<p>LATINA &#8211; Marted\u00ec 24 gennaio alle 18 Alessandro Mannarino sar\u00e0 alla Feltrinelli di Latina per presentare il suo ultimo lavoro &#8220;Apriti Cielo&#8221; accompagnato da un bel video girato proprio in provincia di Latina, tra Circeo e Sabaudia. Il cantautore \u00e8 partito da Torino con l&#8217;instore tour, che lo porter\u00e0 nelle librerie Feltrinelli delle principali citt\u00e0 [&hellip;]<\/p>\n","protected":false},"author":62,"featured_media":186221,"comment_status":"open","ping_status":"closed","sticky":false,"template":"","format":"standard","meta":{"footnotes":""},"categories":[16],"tags":[],"class_list":["post-187746","post","type-post","status-publish","format-standard","has-post-thumbnail","hentry","category-appuntamenti"],"_links":{"self":[{"href":"https:\/\/www.radioluna.it\/news\/wp-json\/wp\/v2\/posts\/187746","targetHints":{"allow":["GET"]}}],"collection":[{"href":"https:\/\/www.radioluna.it\/news\/wp-json\/wp\/v2\/posts"}],"about":[{"href":"https:\/\/www.radioluna.it\/news\/wp-json\/wp\/v2\/types\/post"}],"author":[{"embeddable":true,"href":"https:\/\/www.radioluna.it\/news\/wp-json\/wp\/v2\/users\/62"}],"replies":[{"embeddable":true,"href":"https:\/\/www.radioluna.it\/news\/wp-json\/wp\/v2\/comments?post=187746"}],"version-history":[{"count":0,"href":"https:\/\/www.radioluna.it\/news\/wp-json\/wp\/v2\/posts\/187746\/revisions"}],"wp:featuredmedia":[{"embeddable":true,"href":"https:\/\/www.radioluna.it\/news\/wp-json\/wp\/v2\/media\/186221"}],"wp:attachment":[{"href":"https:\/\/www.radioluna.it\/news\/wp-json\/wp\/v2\/media?parent=187746"}],"wp:term":[{"taxonomy":"category","embeddable":true,"href":"https:\/\/www.radioluna.it\/news\/wp-json\/wp\/v2\/categories?post=187746"},{"taxonomy":"post_tag","embeddable":true,"href":"https:\/\/www.radioluna.it\/news\/wp-json\/wp\/v2\/tags?post=187746"}],"curies":[{"name":"wp","href":"https:\/\/api.w.org\/{rel}","templated":true}]}}