{"id":187767,"date":"2017-01-16T13:59:32","date_gmt":"2017-01-16T12:59:32","guid":{"rendered":"http:\/\/www.radioluna.it\/news\/?p=187767"},"modified":"2017-01-16T13:59:32","modified_gmt":"2017-01-16T12:59:32","slug":"nelle-mense-di-latina-si-mangia-solidale-mercoledi-a-tavola-prodotti-tipici-dellumbria","status":"publish","type":"post","link":"https:\/\/www.radioluna.it\/news\/2017\/01\/nelle-mense-di-latina-si-mangia-solidale-mercoledi-a-tavola-prodotti-tipici-dellumbria\/","title":{"rendered":"Nelle mense di Latina si mangia solidale: mercoled\u00ec a tavola prodotti tipici dell&#8217;Umbria"},"content":{"rendered":"<div id=\"fb-root\"><\/div>\n<p style=\"text-align: justify;\"><strong><img loading=\"lazy\" decoding=\"async\" class=\"aligncenter size-thumbnail wp-image-187768\" src=\"http:\/\/www.radioluna.it\/news\/wp-content\/uploads\/2017\/01\/LOCANDINA-MEN\u00f9-SOLIDALE-GENN-2017-689x436.jpg\" alt=\"\" width=\"689\" height=\"436\" srcset=\"https:\/\/www.radioluna.it\/news\/wp-content\/uploads\/2017\/01\/LOCANDINA-MEN\u00f9-SOLIDALE-GENN-2017-689x436.jpg 689w, https:\/\/www.radioluna.it\/news\/wp-content\/uploads\/2017\/01\/LOCANDINA-MEN\u00f9-SOLIDALE-GENN-2017-300x190.jpg 300w, https:\/\/www.radioluna.it\/news\/wp-content\/uploads\/2017\/01\/LOCANDINA-MEN\u00f9-SOLIDALE-GENN-2017-768x486.jpg 768w, https:\/\/www.radioluna.it\/news\/wp-content\/uploads\/2017\/01\/LOCANDINA-MEN\u00f9-SOLIDALE-GENN-2017-1024x648.jpg 1024w, https:\/\/www.radioluna.it\/news\/wp-content\/uploads\/2017\/01\/LOCANDINA-MEN\u00f9-SOLIDALE-GENN-2017-800x506.jpg 800w, https:\/\/www.radioluna.it\/news\/wp-content\/uploads\/2017\/01\/LOCANDINA-MEN\u00f9-SOLIDALE-GENN-2017.jpg 1428w\" sizes=\"auto, (max-width: 689px) 100vw, 689px\" \/>LATINA &#8211;<\/strong>\u00a0Un pasto a base di prodotti tipici umbri per raccogliere fondi da donare alle scuole dei centri terremotati. Torna a Latina il 18 gennaio \u201cSolidariet\u00e0 inMensa\u201d, nelle mense degli Istituti Comprensivi e nei centri anziani di Latina dove sar\u00e0 servito un men\u00f9 ad hoc che comprende timballo di pasta, salame, carote flang\u00e8, pane e frutta. Parte del ricavato derivante dalle libere offerte dei bambini e degli anziani sar\u00e0 devoluto ai Comuni terremotati per assicurare il servizio di refezione scolastica per l\u2019anno in corso ai bambini e ai ragazzi delle zone colpite dal sisma, contribuendo alla spesa sostenuta dalle famiglie e dalle amministrazioni.<\/p>\n<p style=\"text-align: justify;\">&#8220;L\u2019iniziativa, promossa dalle societ\u00e0 Vivenda e Coop. Solidariet\u00e0 e Lavoro e sposata dall\u2019Amministrazione Comunale &#8211; si legge in una nota &#8211; \u00a0oltre ad offrire un aiuto concreto alla popolazioni alle prese con la ricostruzione post terremoto intende valorizzare i prodotti dei territori interessati dal sisma, le ricette della tradizione locale, incentivare la sinergia tra enti, sensibilizzare alla solidariet\u00e0&#8221;.<\/p>\n","protected":false},"excerpt":{"rendered":"<p>LATINA &#8211;\u00a0Un pasto a base di prodotti tipici umbri per raccogliere fondi da donare alle scuole dei centri terremotati. Torna a Latina il 18 gennaio \u201cSolidariet\u00e0 inMensa\u201d, nelle mense degli Istituti Comprensivi e nei centri anziani di Latina dove sar\u00e0 servito un men\u00f9 ad hoc che comprende timballo di pasta, salame, carote flang\u00e8, pane e [&hellip;]<\/p>\n","protected":false},"author":62,"featured_media":187768,"comment_status":"open","ping_status":"closed","sticky":false,"template":"","format":"standard","meta":{"footnotes":""},"categories":[16],"tags":[],"class_list":["post-187767","post","type-post","status-publish","format-standard","has-post-thumbnail","hentry","category-appuntamenti"],"_links":{"self":[{"href":"https:\/\/www.radioluna.it\/news\/wp-json\/wp\/v2\/posts\/187767","targetHints":{"allow":["GET"]}}],"collection":[{"href":"https:\/\/www.radioluna.it\/news\/wp-json\/wp\/v2\/posts"}],"about":[{"href":"https:\/\/www.radioluna.it\/news\/wp-json\/wp\/v2\/types\/post"}],"author":[{"embeddable":true,"href":"https:\/\/www.radioluna.it\/news\/wp-json\/wp\/v2\/users\/62"}],"replies":[{"embeddable":true,"href":"https:\/\/www.radioluna.it\/news\/wp-json\/wp\/v2\/comments?post=187767"}],"version-history":[{"count":0,"href":"https:\/\/www.radioluna.it\/news\/wp-json\/wp\/v2\/posts\/187767\/revisions"}],"wp:featuredmedia":[{"embeddable":true,"href":"https:\/\/www.radioluna.it\/news\/wp-json\/wp\/v2\/media\/187768"}],"wp:attachment":[{"href":"https:\/\/www.radioluna.it\/news\/wp-json\/wp\/v2\/media?parent=187767"}],"wp:term":[{"taxonomy":"category","embeddable":true,"href":"https:\/\/www.radioluna.it\/news\/wp-json\/wp\/v2\/categories?post=187767"},{"taxonomy":"post_tag","embeddable":true,"href":"https:\/\/www.radioluna.it\/news\/wp-json\/wp\/v2\/tags?post=187767"}],"curies":[{"name":"wp","href":"https:\/\/api.w.org\/{rel}","templated":true}]}}