{"id":187868,"date":"2017-01-18T09:49:36","date_gmt":"2017-01-18T08:49:36","guid":{"rendered":"http:\/\/www.radioluna.it\/news\/?p=187868"},"modified":"2017-01-18T09:49:36","modified_gmt":"2017-01-18T08:49:36","slug":"scuola-corsa-alle-iscrizioni-e-a-latina-il-majorana-si-promuove-con-un-video-sui-social","status":"publish","type":"post","link":"https:\/\/www.radioluna.it\/news\/2017\/01\/scuola-corsa-alle-iscrizioni-e-a-latina-il-majorana-si-promuove-con-un-video-sui-social\/","title":{"rendered":"Scuola, corsa alle iscrizioni. E a Latina il Majorana si promuove con un video sui social"},"content":{"rendered":"<div id=\"fb-root\"><\/div>\n<p><iframe loading=\"lazy\" style=\"border: none; overflow: hidden;\" src=\"https:\/\/www.facebook.com\/plugins\/video.php?href=https%3A%2F%2Fwww.facebook.com%2Fmajorana.latina%2Fvideos%2F1424598620893381%2F&amp;show_text=0&amp;width=560\" width=\"560\" height=\"315\" frameborder=\"0\" scrolling=\"no\" allowfullscreen=\"allowfullscreen\"><\/iframe><\/p>\n<p style=\"text-align: justify;\"><strong>LATINA<\/strong> &#8211; Dal 16 gennaio sono aperte le iscrizioni per il nuovo anno nelle scuole di ogni ordine e grado. E cos\u00ec ciascun istituto lancia il rush finale per cercare di attrarre pi\u00f9 studenti possibile. Il classico open day pu\u00f2 non bastare pi\u00f9 e cos\u00ec&#8217; si sperimentano nuove forme di comunicazione istituzionale anche suoi social media, fonte di informazione per la maggioranza dei ragazzi, in grado di influenzarne le scelte. In quest&#8217;ottica il Liceo Scientifico Ettore Majorana di Latina lancia su Fb un video per raccontare la scuola, le sue specificit\u00e0, le strutture.<\/p>\n","protected":false},"excerpt":{"rendered":"<p>LATINA &#8211; Dal 16 gennaio sono aperte le iscrizioni per il nuovo anno nelle scuole di ogni ordine e grado. E cos\u00ec ciascun istituto lancia il rush finale per cercare di attrarre pi\u00f9 studenti possibile. Il classico open day pu\u00f2 non bastare pi\u00f9 e cos\u00ec&#8217; si sperimentano nuove forme di comunicazione istituzionale anche suoi social [&hellip;]<\/p>\n","protected":false},"author":62,"featured_media":187869,"comment_status":"open","ping_status":"closed","sticky":false,"template":"","format":"standard","meta":{"footnotes":""},"categories":[248,2312],"tags":[],"class_list":["post-187868","post","type-post","status-publish","format-standard","has-post-thumbnail","hentry","category-istruzione","category-video"],"_links":{"self":[{"href":"https:\/\/www.radioluna.it\/news\/wp-json\/wp\/v2\/posts\/187868","targetHints":{"allow":["GET"]}}],"collection":[{"href":"https:\/\/www.radioluna.it\/news\/wp-json\/wp\/v2\/posts"}],"about":[{"href":"https:\/\/www.radioluna.it\/news\/wp-json\/wp\/v2\/types\/post"}],"author":[{"embeddable":true,"href":"https:\/\/www.radioluna.it\/news\/wp-json\/wp\/v2\/users\/62"}],"replies":[{"embeddable":true,"href":"https:\/\/www.radioluna.it\/news\/wp-json\/wp\/v2\/comments?post=187868"}],"version-history":[{"count":0,"href":"https:\/\/www.radioluna.it\/news\/wp-json\/wp\/v2\/posts\/187868\/revisions"}],"wp:featuredmedia":[{"embeddable":true,"href":"https:\/\/www.radioluna.it\/news\/wp-json\/wp\/v2\/media\/187869"}],"wp:attachment":[{"href":"https:\/\/www.radioluna.it\/news\/wp-json\/wp\/v2\/media?parent=187868"}],"wp:term":[{"taxonomy":"category","embeddable":true,"href":"https:\/\/www.radioluna.it\/news\/wp-json\/wp\/v2\/categories?post=187868"},{"taxonomy":"post_tag","embeddable":true,"href":"https:\/\/www.radioluna.it\/news\/wp-json\/wp\/v2\/tags?post=187868"}],"curies":[{"name":"wp","href":"https:\/\/api.w.org\/{rel}","templated":true}]}}