{"id":187892,"date":"2017-01-18T14:03:07","date_gmt":"2017-01-18T13:03:07","guid":{"rendered":"http:\/\/www.radioluna.it\/news\/?p=187892"},"modified":"2017-01-18T14:16:40","modified_gmt":"2017-01-18T13:16:40","slug":"assunzioni-a-rischio-sui-precari-asl-lordine-dei-medici-chiede-laccesso-agli-atti","status":"publish","type":"post","link":"https:\/\/www.radioluna.it\/news\/2017\/01\/assunzioni-a-rischio-sui-precari-asl-lordine-dei-medici-chiede-laccesso-agli-atti\/","title":{"rendered":"Assunzioni a rischio, sui precari Asl l&#8217;Ordine dei Medici chiede l&#8217;accesso agli atti"},"content":{"rendered":"<div id=\"fb-root\"><\/div>\n<div id=\"attachment_120434\" style=\"width: 210px\" class=\"wp-caption alignleft\"><img loading=\"lazy\" decoding=\"async\" aria-describedby=\"caption-attachment-120434\" class=\"wp-image-120434 size-medium\" src=\"http:\/\/www.radioluna.it\/news\/wp-content\/uploads\/2012\/05\/Giovanni-Maria-Righetti-200x300.jpg\" width=\"200\" height=\"300\" srcset=\"https:\/\/www.radioluna.it\/news\/wp-content\/uploads\/2012\/05\/Giovanni-Maria-Righetti-200x300.jpg 200w, https:\/\/www.radioluna.it\/news\/wp-content\/uploads\/2012\/05\/Giovanni-Maria-Righetti-201x300.jpg 201w, https:\/\/www.radioluna.it\/news\/wp-content\/uploads\/2012\/05\/Giovanni-Maria-Righetti.jpg 250w\" sizes=\"auto, (max-width: 200px) 100vw, 200px\" \/><p id=\"caption-attachment-120434\" class=\"wp-caption-text\">Il Presidente eletto, Giovanni Maria Righetti<\/p><\/div>\n<p style=\"text-align: justify;\">LATINA &#8211; Lo aveva annunciato e ora \u00e8 sul piede di guerra in difesa dei colleghi precari, l&#8217;Ordine dei Medici di Latina. Il Consiglio Direttivo ha infatti deliberato all&#8217;unanimit\u00e0 \u00a0&#8220;la volont\u00e0 di tutelare nelle forme pi\u00f9 opportune il decoro e a dignit\u00e0 di tutti i medici precari della ASL di Latina, il cui contratto \u00e8 stato prorogato di anno in anno con l\u2019aspettativa di essere stabilizzati e che ora, seppure in possesso dei requisiti di legge, si trovano improvvisamente senza pi\u00f9 alcuna certezza del mantenimento del posto di lavoro&#8221;.<br \/>\nL&#8217;organo si \u00e8 riunito ieri sera decidendo di &#8220;chiedere l\u2019accesso a tutti gli atti della ASL di Latina e in breve tempo indire un incontro con tutti gli interessati per trattare questa grave problematica&#8221;. L&#8217;Ordine chieder\u00e0 poi il parere di &#8220;esperti giuslavoristi e amministrativisti \u00a0per valutare approfonditamente gli aspetti giuridici della situazione e considerare le opportune azioni&#8221;. \u00a0Si cercher\u00e0 di essere veloci e al termine di queste verifiche la categoria decider\u00e0 se presentare un esposto in Procura, spiega in una nota il Presidente Giovanni Maria Righetti.<\/p>\n","protected":false},"excerpt":{"rendered":"<p>LATINA &#8211; Lo aveva annunciato e ora \u00e8 sul piede di guerra in difesa dei colleghi precari, l&#8217;Ordine dei Medici di Latina. Il Consiglio Direttivo ha infatti deliberato all&#8217;unanimit\u00e0 \u00a0&#8220;la volont\u00e0 di tutelare nelle forme pi\u00f9 opportune il decoro e a dignit\u00e0 di tutti i medici precari della ASL di Latina, il cui contratto \u00e8 [&hellip;]<\/p>\n","protected":false},"author":62,"featured_media":120434,"comment_status":"open","ping_status":"closed","sticky":false,"template":"","format":"standard","meta":{"footnotes":""},"categories":[7],"tags":[],"class_list":["post-187892","post","type-post","status-publish","format-standard","has-post-thumbnail","hentry","category-cronaca"],"_links":{"self":[{"href":"https:\/\/www.radioluna.it\/news\/wp-json\/wp\/v2\/posts\/187892","targetHints":{"allow":["GET"]}}],"collection":[{"href":"https:\/\/www.radioluna.it\/news\/wp-json\/wp\/v2\/posts"}],"about":[{"href":"https:\/\/www.radioluna.it\/news\/wp-json\/wp\/v2\/types\/post"}],"author":[{"embeddable":true,"href":"https:\/\/www.radioluna.it\/news\/wp-json\/wp\/v2\/users\/62"}],"replies":[{"embeddable":true,"href":"https:\/\/www.radioluna.it\/news\/wp-json\/wp\/v2\/comments?post=187892"}],"version-history":[{"count":0,"href":"https:\/\/www.radioluna.it\/news\/wp-json\/wp\/v2\/posts\/187892\/revisions"}],"wp:featuredmedia":[{"embeddable":true,"href":"https:\/\/www.radioluna.it\/news\/wp-json\/wp\/v2\/media\/120434"}],"wp:attachment":[{"href":"https:\/\/www.radioluna.it\/news\/wp-json\/wp\/v2\/media?parent=187892"}],"wp:term":[{"taxonomy":"category","embeddable":true,"href":"https:\/\/www.radioluna.it\/news\/wp-json\/wp\/v2\/categories?post=187892"},{"taxonomy":"post_tag","embeddable":true,"href":"https:\/\/www.radioluna.it\/news\/wp-json\/wp\/v2\/tags?post=187892"}],"curies":[{"name":"wp","href":"https:\/\/api.w.org\/{rel}","templated":true}]}}