{"id":187978,"date":"2017-01-19T13:13:10","date_gmt":"2017-01-19T12:13:10","guid":{"rendered":"http:\/\/www.radioluna.it\/news\/?p=187978"},"modified":"2017-01-19T15:58:14","modified_gmt":"2017-01-19T14:58:14","slug":"polizia-graziosi-vice-della-squadra-mobile","status":"publish","type":"post","link":"https:\/\/www.radioluna.it\/news\/2017\/01\/polizia-graziosi-vice-della-squadra-mobile\/","title":{"rendered":"Polizia, Graziosi vice della Squadra Mobile"},"content":{"rendered":"<div id=\"fb-root\"><\/div>\n<p style=\"text-align: justify;\"><a href=\"http:\/\/www.radioluna.it\/news\/wp-content\/uploads\/2017\/01\/IMG-20170119-WA0005.jpg\"><img loading=\"lazy\" decoding=\"async\" class=\"aligncenter size-thumbnail wp-image-187987\" src=\"http:\/\/www.radioluna.it\/news\/wp-content\/uploads\/2017\/01\/IMG-20170119-WA0005-689x592.jpg\" alt=\"\" width=\"689\" height=\"592\" \/><\/a><\/p>\n<p style=\"text-align: justify;\"><strong>LATINA<\/strong> &#8211; In Sardegna fu vittima di un grave attentato, a Roma ha diretto commissariati caldi. A\u00a0partire da luned\u00ec 23 gennaio, il vice questore aggiunto della Polizia di Stato Riccardo De Sanctis, in servizio a Latina da settembre scorso, guider\u00e0 le Volanti (l\u2019Ufficio Prevenzione Generale e Soccorso Pubblico) prendendo il posto di Roberto Graziosi nominato vice dirigente della Squadra Mobile. Graziosi torner\u00e0 cos\u00ec ad occuparsi in maniera totale di investigazioni, attivit\u00e0 che aveva lungamente svolto prima dell\u2019arrivo a Latina. Lo comunica in una nota la Questura.<br \/>\nDe Sanctis, che \u00e8 in Polizia dal 1990, si \u00e8 formato nelle questure di Milano, Nuoro e Roma, dove ha avuto modo di prendere parte ad importanti indagini di polizia giudiziaria in zone particolarmente complesse. Dal suo curriculum si rilevano incarichi di dirigenza di Ufficii periferici di Pubblica Sicurezza quali Lodi (prima che diventasse provincia), Gavoi, Orgosolo. Proprio durante la dirigenza del Commissariato di Pubblica Sicurezza di Gaovi in provincia di Nuoro, \u00a0De Sanctis fu bersaglio di un grave attentato, della malavita locale. A Roma ha diretto diversi Commissariati, in zone piuttosto \u201ccalde\u201d della capitale, Tuscolano e Torpignattara, dove sono state condotte importanti e delicate indagini. Ulteriormente ha diretto i Commissariati di Frascati, Marino, Colleferro e Genzano, prima di approdare alla Questura di Latina.<\/p>\n","protected":false},"excerpt":{"rendered":"<p>LATINA &#8211; In Sardegna fu vittima di un grave attentato, a Roma ha diretto commissariati caldi. A\u00a0partire da luned\u00ec 23 gennaio, il vice questore aggiunto della Polizia di Stato Riccardo De Sanctis, in servizio a Latina da settembre scorso, guider\u00e0 le Volanti (l\u2019Ufficio Prevenzione Generale e Soccorso Pubblico) prendendo il posto di Roberto Graziosi nominato [&hellip;]<\/p>\n","protected":false},"author":62,"featured_media":0,"comment_status":"open","ping_status":"closed","sticky":false,"template":"","format":"standard","meta":{"footnotes":""},"categories":[7],"tags":[],"class_list":["post-187978","post","type-post","status-publish","format-standard","hentry","category-cronaca"],"_links":{"self":[{"href":"https:\/\/www.radioluna.it\/news\/wp-json\/wp\/v2\/posts\/187978","targetHints":{"allow":["GET"]}}],"collection":[{"href":"https:\/\/www.radioluna.it\/news\/wp-json\/wp\/v2\/posts"}],"about":[{"href":"https:\/\/www.radioluna.it\/news\/wp-json\/wp\/v2\/types\/post"}],"author":[{"embeddable":true,"href":"https:\/\/www.radioluna.it\/news\/wp-json\/wp\/v2\/users\/62"}],"replies":[{"embeddable":true,"href":"https:\/\/www.radioluna.it\/news\/wp-json\/wp\/v2\/comments?post=187978"}],"version-history":[{"count":0,"href":"https:\/\/www.radioluna.it\/news\/wp-json\/wp\/v2\/posts\/187978\/revisions"}],"wp:attachment":[{"href":"https:\/\/www.radioluna.it\/news\/wp-json\/wp\/v2\/media?parent=187978"}],"wp:term":[{"taxonomy":"category","embeddable":true,"href":"https:\/\/www.radioluna.it\/news\/wp-json\/wp\/v2\/categories?post=187978"},{"taxonomy":"post_tag","embeddable":true,"href":"https:\/\/www.radioluna.it\/news\/wp-json\/wp\/v2\/tags?post=187978"}],"curies":[{"name":"wp","href":"https:\/\/api.w.org\/{rel}","templated":true}]}}