{"id":187988,"date":"2017-01-19T17:00:26","date_gmt":"2017-01-19T16:00:26","guid":{"rendered":"http:\/\/www.radioluna.it\/news\/?p=187988"},"modified":"2017-01-19T17:00:26","modified_gmt":"2017-01-19T16:00:26","slug":"top-volley-parlano-maruotti-e-klinkenberg","status":"publish","type":"post","link":"https:\/\/www.radioluna.it\/news\/2017\/01\/top-volley-parlano-maruotti-e-klinkenberg\/","title":{"rendered":"Top Volley : parlano Maruotti e Klinkenberg"},"content":{"rendered":"<div id=\"fb-root\"><\/div>\n<p style=\"text-align: justify\"><a href=\"http:\/\/www.radioluna.it\/news\/wp-content\/uploads\/2017\/01\/MaruottiKlinkenberg-3.jpg\"><img loading=\"lazy\" decoding=\"async\" class=\"aligncenter wp-image-187998 size-thumbnail\" src=\"http:\/\/www.radioluna.it\/news\/wp-content\/uploads\/2017\/01\/MaruottiKlinkenberg-3-689x459.jpg\" width=\"689\" height=\"459\" srcset=\"https:\/\/www.radioluna.it\/news\/wp-content\/uploads\/2017\/01\/MaruottiKlinkenberg-3-689x459.jpg 689w, https:\/\/www.radioluna.it\/news\/wp-content\/uploads\/2017\/01\/MaruottiKlinkenberg-3-300x200.jpg 300w, https:\/\/www.radioluna.it\/news\/wp-content\/uploads\/2017\/01\/MaruottiKlinkenberg-3-768x512.jpg 768w, https:\/\/www.radioluna.it\/news\/wp-content\/uploads\/2017\/01\/MaruottiKlinkenberg-3-1024x683.jpg 1024w, https:\/\/www.radioluna.it\/news\/wp-content\/uploads\/2017\/01\/MaruottiKlinkenberg-3-800x534.jpg 800w, https:\/\/www.radioluna.it\/news\/wp-content\/uploads\/2017\/01\/MaruottiKlinkenberg-3.jpg 1600w\" sizes=\"auto, (max-width: 689px) 100vw, 689px\" \/><\/a><\/p>\n<p style=\"text-align: justify\"><strong>LATINA-<\/strong> Si \u00e8 tenuta questa mattina la conferenza stampa nella sede della Top Volley Latina alla presenza del capitano pontino\u00a0<strong>Gabriele Maruotti<\/strong> e lo schiacciatore belga <strong>Kevin Klinkenberg<\/strong>, i due protagonisti hanno presentato la gara di questa <strong>domenica 22 gennaio sul campo di Molfetta alle 18.00<\/strong>. \u201c<em>Finalmente siamo riusciti a vincere la nostra prima gara della stagione 3-0 contro Monza, sono convinto che siamo una squadra in crescita. <\/em>&#8211; commenta il capitano-<em> Abbiamo preso un punto a Modena che non \u00e8 semplice, per poi tornare a casa e vincere con Monza.Ci sono state partite dove ho fatto pi\u00f9 fatica rispetto all\u2019inizio campionato, a volte per merito degli avversari a volte per demeriti propri, adesso con questa vittoria a Monza spero che sto parlando del passato.Non so quante parole dobbiamo sprecare per il talento di Fei, sta facendo un gran campionato e ci sta dando una grossa mano. Aspettiamo anche Ishikawa che gi\u00e0 negli allenamenti ha contribuito ad alzare il ritmo.Abbiamo degli scontri diretti che possono portarci al nostro obiettivo che \u00e8 quello dei playoff, mancano sette gare alla fine del campionato e cinque sono scontri diretti. Mi piace concentrare sul fatto che abbiamo fatto una grossa partita con Monza, abbiamo giocato bene in tutti i fondamentali.Molfetta \u00e8 un campo difficile, tante grandi squadre hanno lasciato punti, non sar\u00e0 facile. Noi dobbiamo pensare solo alla nostra parte, se giochiamo bene possiamo vincere<\/em>\u201d<\/p>\n<audio class=\"wp-audio-shortcode\" id=\"audio-187988-1\" preload=\"none\" style=\"width: 100%;\" controls=\"controls\"><source type=\"audio\/mpeg\" src=\"http:\/\/www.radioluna.it\/news\/wp-content\/uploads\/2017\/01\/gabri-CS.mp3?_=1\" \/><a href=\"http:\/\/www.radioluna.it\/news\/wp-content\/uploads\/2017\/01\/gabri-CS.mp3\">http:\/\/www.radioluna.it\/news\/wp-content\/uploads\/2017\/01\/gabri-CS.mp3<\/a><\/audio>\n<p style=\"text-align: justify\">Importante pedina anche il giovane Yuki Ishikawa che ha arricchito la squadra alzando il livello degli allenamenti, le parole del belga Kevin Klinkenberg: \u201c<em>Abbiamo vinto all\u2019andata 3-1 con Molfetta, una partita molto difficile e lo sar\u00e0 altrettanto in casa loro. Sar\u00e0 una gara dura ma ci proviamo. Ishikawa ha alzato il livello degli allenamenti e sar\u00e0 utilizzabile per Molfetta. Ci sono sei punti di distacco dalla zona playoff e Latina se la giocher\u00e0 con le altre squadre. Ci sono ancora tanti scontri diretti che possono cambiare la classifica. Non sar\u00e0 facile giocare a Molfetta che un campo molto piccolo e quindi molto caldo. Mi \u00e8 capitato pi\u00f9 volte in carriera, specialmente in Polonia, di giocare in questi tipi d\u2019impianti. Giocheremo punto a punto e cercheremo di contenere Sabbi, che \u00e8 un ottimo atleta, il miglior marcatore del campionato, che \u00e8 tornato in Puglia per far bene, ma loro hanno anche altri elementi da non sottovalutare<\/em>&#8220;.<\/p>\n<audio class=\"wp-audio-shortcode\" id=\"audio-187988-2\" preload=\"none\" style=\"width: 100%;\" controls=\"controls\"><source type=\"audio\/mpeg\" src=\"http:\/\/www.radioluna.it\/news\/wp-content\/uploads\/2017\/01\/kevini-CS.mp3?_=2\" \/><a href=\"http:\/\/www.radioluna.it\/news\/wp-content\/uploads\/2017\/01\/kevini-CS.mp3\">http:\/\/www.radioluna.it\/news\/wp-content\/uploads\/2017\/01\/kevini-CS.mp3<\/a><\/audio>\n<p style=\"text-align: justify\">Giulio Sabbi si trova al timone della classifica marcatori con 415 punti, Molfetta sar\u00e0 una gara ostica per i ragazzi di Bagnoli ma dopo i punti conquistati con Modena e Monza partono con pi\u00f9 fiducia, consapevoli di poter far bene per l&#8217;obiettivo <em>playoff<\/em>, il\u00a0distacco che permetter\u00e0 a Latina di disputare i <em>playoff<\/em> scudetto si riduce a sei lunghezze con Vibo all\u2019ottavo posto a quota 24 punti in classifica di <em>regular season<\/em>.<\/p>\n","protected":false},"excerpt":{"rendered":"<p>LATINA- Si \u00e8 tenuta questa mattina la conferenza stampa nella sede della Top Volley Latina alla presenza del capitano pontino\u00a0Gabriele Maruotti e lo schiacciatore belga Kevin Klinkenberg, i due protagonisti hanno presentato la gara di questa domenica 22 gennaio sul campo di Molfetta alle 18.00. \u201cFinalmente siamo riusciti a vincere la nostra prima gara della [&hellip;]<\/p>\n","protected":false},"author":5430,"featured_media":187997,"comment_status":"open","ping_status":"closed","sticky":false,"template":"","format":"standard","meta":{"footnotes":""},"categories":[17],"tags":[],"class_list":["post-187988","post","type-post","status-publish","format-standard","has-post-thumbnail","hentry","category-sport"],"_links":{"self":[{"href":"https:\/\/www.radioluna.it\/news\/wp-json\/wp\/v2\/posts\/187988","targetHints":{"allow":["GET"]}}],"collection":[{"href":"https:\/\/www.radioluna.it\/news\/wp-json\/wp\/v2\/posts"}],"about":[{"href":"https:\/\/www.radioluna.it\/news\/wp-json\/wp\/v2\/types\/post"}],"author":[{"embeddable":true,"href":"https:\/\/www.radioluna.it\/news\/wp-json\/wp\/v2\/users\/5430"}],"replies":[{"embeddable":true,"href":"https:\/\/www.radioluna.it\/news\/wp-json\/wp\/v2\/comments?post=187988"}],"version-history":[{"count":0,"href":"https:\/\/www.radioluna.it\/news\/wp-json\/wp\/v2\/posts\/187988\/revisions"}],"wp:featuredmedia":[{"embeddable":true,"href":"https:\/\/www.radioluna.it\/news\/wp-json\/wp\/v2\/media\/187997"}],"wp:attachment":[{"href":"https:\/\/www.radioluna.it\/news\/wp-json\/wp\/v2\/media?parent=187988"}],"wp:term":[{"taxonomy":"category","embeddable":true,"href":"https:\/\/www.radioluna.it\/news\/wp-json\/wp\/v2\/categories?post=187988"},{"taxonomy":"post_tag","embeddable":true,"href":"https:\/\/www.radioluna.it\/news\/wp-json\/wp\/v2\/tags?post=187988"}],"curies":[{"name":"wp","href":"https:\/\/api.w.org\/{rel}","templated":true}]}}