{"id":188039,"date":"2017-01-20T12:16:53","date_gmt":"2017-01-20T11:16:53","guid":{"rendered":"http:\/\/www.radioluna.it\/news\/?p=188039"},"modified":"2017-01-21T15:17:53","modified_gmt":"2017-01-21T14:17:53","slug":"vigili-del-fuoco-nella-scuola-di-via-quarto-i-tecnici-chiudono-unaula-non-e-agibile","status":"publish","type":"post","link":"https:\/\/www.radioluna.it\/news\/2017\/01\/vigili-del-fuoco-nella-scuola-di-via-quarto-i-tecnici-chiudono-unaula-non-e-agibile\/","title":{"rendered":"Latina, crepa nella scuola di Via Quarto, i vigili del fuoco chiudono un&#8217;altra aula"},"content":{"rendered":"<div id=\"fb-root\"><\/div>\n<p style=\"text-align: justify;\"><strong><img loading=\"lazy\" decoding=\"async\" class=\"aligncenter size-thumbnail wp-image-188044\" src=\"http:\/\/www.radioluna.it\/news\/wp-content\/uploads\/2017\/01\/VIGILI-DEL-FUOCO-A-VIA-QUARTO-2-689x458.jpg\" alt=\"\" width=\"689\" height=\"458\" srcset=\"https:\/\/www.radioluna.it\/news\/wp-content\/uploads\/2017\/01\/VIGILI-DEL-FUOCO-A-VIA-QUARTO-2-689x458.jpg 689w, https:\/\/www.radioluna.it\/news\/wp-content\/uploads\/2017\/01\/VIGILI-DEL-FUOCO-A-VIA-QUARTO-2-300x200.jpg 300w, https:\/\/www.radioluna.it\/news\/wp-content\/uploads\/2017\/01\/VIGILI-DEL-FUOCO-A-VIA-QUARTO-2-768x511.jpg 768w, https:\/\/www.radioluna.it\/news\/wp-content\/uploads\/2017\/01\/VIGILI-DEL-FUOCO-A-VIA-QUARTO-2-1024x681.jpg 1024w, https:\/\/www.radioluna.it\/news\/wp-content\/uploads\/2017\/01\/VIGILI-DEL-FUOCO-A-VIA-QUARTO-2-800x532.jpg 800w, https:\/\/www.radioluna.it\/news\/wp-content\/uploads\/2017\/01\/VIGILI-DEL-FUOCO-A-VIA-QUARTO-2.jpg 1600w\" sizes=\"auto, (max-width: 689px) 100vw, 689px\" \/>LATINA<\/strong> &#8211;\u00a0Un sopralluogo \u00e8 stato effettuato venerd\u00ec mattina nella scuola di Via Quarto dell&#8217;Istituto Frezzotti-Corradini di Latina. I vigili del fuoco hanno passato in rassegna padiglioni e aule dopo la richiesta di intervento presentata al Comune dalla dirigente Roberta Venditti per alcune criticit\u00e0 che si sono manifestate negli ultimi giorni destando preoccupazione tra le famiglie. Un&#8217;aula del plesso \u00e8 stata quindi chiusa dai tecnici, si tratterebbe della 1\u00b0D, della scuola primaria dove dopo le scosse di terremoto avvertite distintamente anche a Latina nei giorni scorsi, si \u00e8 evidenziata una frattura. Le verifiche sono proseguire anche nella scuola materna dove nei giorni scorsi sono venute gi\u00f9 alcune porzioni di controsoffitto costringendo la scuola a spostare i bambini di due classi, i gialli e i blu, \u00a0trasferiti in sala mensa e in aula magna con \u00a0difficolt\u00e0 sia organizzative che didattiche facilmente intuibili. Dopo il sopralluogo i Vigili del Fuoco non hanno riscontrato problemi nell&#8217;aula gialla, dove i bambini torneranno nella giornata di luned\u00ec, mentre l&#8217;aula blu rimarr\u00e0 chiusa e i bambini spostati nell&#8217;aula mensa. Luned\u00ec la dirigente scolastica ha convocato i rappresentanti dei genitori per spiegargli la situazione.<\/p>\n","protected":false},"excerpt":{"rendered":"<p>LATINA &#8211;\u00a0Un sopralluogo \u00e8 stato effettuato venerd\u00ec mattina nella scuola di Via Quarto dell&#8217;Istituto Frezzotti-Corradini di Latina. I vigili del fuoco hanno passato in rassegna padiglioni e aule dopo la richiesta di intervento presentata al Comune dalla dirigente Roberta Venditti per alcune criticit\u00e0 che si sono manifestate negli ultimi giorni destando preoccupazione tra le famiglie. [&hellip;]<\/p>\n","protected":false},"author":62,"featured_media":188044,"comment_status":"open","ping_status":"closed","sticky":false,"template":"","format":"standard","meta":{"footnotes":""},"categories":[7,248],"tags":[],"class_list":["post-188039","post","type-post","status-publish","format-standard","has-post-thumbnail","hentry","category-cronaca","category-istruzione"],"_links":{"self":[{"href":"https:\/\/www.radioluna.it\/news\/wp-json\/wp\/v2\/posts\/188039","targetHints":{"allow":["GET"]}}],"collection":[{"href":"https:\/\/www.radioluna.it\/news\/wp-json\/wp\/v2\/posts"}],"about":[{"href":"https:\/\/www.radioluna.it\/news\/wp-json\/wp\/v2\/types\/post"}],"author":[{"embeddable":true,"href":"https:\/\/www.radioluna.it\/news\/wp-json\/wp\/v2\/users\/62"}],"replies":[{"embeddable":true,"href":"https:\/\/www.radioluna.it\/news\/wp-json\/wp\/v2\/comments?post=188039"}],"version-history":[{"count":0,"href":"https:\/\/www.radioluna.it\/news\/wp-json\/wp\/v2\/posts\/188039\/revisions"}],"wp:featuredmedia":[{"embeddable":true,"href":"https:\/\/www.radioluna.it\/news\/wp-json\/wp\/v2\/media\/188044"}],"wp:attachment":[{"href":"https:\/\/www.radioluna.it\/news\/wp-json\/wp\/v2\/media?parent=188039"}],"wp:term":[{"taxonomy":"category","embeddable":true,"href":"https:\/\/www.radioluna.it\/news\/wp-json\/wp\/v2\/categories?post=188039"},{"taxonomy":"post_tag","embeddable":true,"href":"https:\/\/www.radioluna.it\/news\/wp-json\/wp\/v2\/tags?post=188039"}],"curies":[{"name":"wp","href":"https:\/\/api.w.org\/{rel}","templated":true}]}}