{"id":188053,"date":"2017-01-20T17:29:41","date_gmt":"2017-01-20T16:29:41","guid":{"rendered":"http:\/\/www.radioluna.it\/news\/?p=188053"},"modified":"2017-01-20T18:12:20","modified_gmt":"2017-01-20T17:12:20","slug":"calcio-il-latina-riceve-lhellas-verona","status":"publish","type":"post","link":"https:\/\/www.radioluna.it\/news\/2017\/01\/calcio-il-latina-riceve-lhellas-verona\/","title":{"rendered":"Calcio, il Latina riceve l&#8217;Hellas Verona"},"content":{"rendered":"<div id=\"fb-root\"><\/div>\n<p><a href=\"http:\/\/www.radioluna.it\/news\/wp-content\/uploads\/2017\/01\/15823024_1320929127928574_5369238203300392335_n.jpg\"><img loading=\"lazy\" decoding=\"async\" class=\"aligncenter size-thumbnail wp-image-187699\" src=\"http:\/\/www.radioluna.it\/news\/wp-content\/uploads\/2017\/01\/15823024_1320929127928574_5369238203300392335_n-689x459.jpg\" alt=\"\" width=\"689\" height=\"459\" srcset=\"https:\/\/www.radioluna.it\/news\/wp-content\/uploads\/2017\/01\/15823024_1320929127928574_5369238203300392335_n-689x459.jpg 689w, https:\/\/www.radioluna.it\/news\/wp-content\/uploads\/2017\/01\/15823024_1320929127928574_5369238203300392335_n-300x200.jpg 300w, https:\/\/www.radioluna.it\/news\/wp-content\/uploads\/2017\/01\/15823024_1320929127928574_5369238203300392335_n-768x512.jpg 768w, https:\/\/www.radioluna.it\/news\/wp-content\/uploads\/2017\/01\/15823024_1320929127928574_5369238203300392335_n-800x533.jpg 800w, https:\/\/www.radioluna.it\/news\/wp-content\/uploads\/2017\/01\/15823024_1320929127928574_5369238203300392335_n.jpg 960w\" sizes=\"auto, (max-width: 689px) 100vw, 689px\" \/><\/a><\/p>\n<p style=\"text-align: justify;\"><strong>LATINA \u00a0&#8211;<\/strong>D<span style=\"color: #333333;\"><span style=\"font-family: Georgia, 'Times New Roman', 'Bitstream Charter', Times, serif;\"><span style=\"font-size: medium;\">omani torna la serie B dopo la pausa di tre settimane e il Latina riceve al Francioni l&#8217;Hellas Verona, allenato dall&#8217;ex Fabio Pecchia. E&#8217; una sfida prestigiosa per i nerazzurri che non hanno mai incontrato la formazione scaligera che occupa il primo posto in classifica. Non mancheranno le novit\u00e0. Dopo la partenza di Moretti che \u00e8 andato all&#8217;Avellino e quella di Paponi che ha firmato con la Juve Stabia (Lega Pro), in campo dal primo minuto \u00e8 probabile l&#8217;inserimento del nuovo attaccante Insigne. &lt;E&#8217; una partita con molte incognite \u2013 ha detto il tecnico del Latina Vincenzo Vivarini \u2013 ma anche di grandi motivazioni, il Verona ha diverse individualit\u00e0 e tecnicamente \u00e8 una squadra molto forte, noi da parte nostra dovremmo essere aggressivi. Spero che nel girone di ritorno i crediti che abbiamo li riusciamo a riscuotere&gt;. Sulla situazione societaria Vivarini ha detto: &lt;Ci sono variabili che possono portare disattenzione alla squadra ma io ho cercato sempre di lavorare sul campo, dobbiamo concentrarci tutti, anche i tifosi. Uniamoci per il bene di questa squadra&gt;. La partita sar\u00e0 diretta da Abbattista Molfetta.\u00a0<\/span><\/span><\/span><\/p>\n","protected":false},"excerpt":{"rendered":"<p>LATINA \u00a0&#8211;Domani torna la serie B dopo la pausa di tre settimane e il Latina riceve al Francioni l&#8217;Hellas Verona, allenato dall&#8217;ex Fabio Pecchia. E&#8217; una sfida prestigiosa per i nerazzurri che non hanno mai incontrato la formazione scaligera che occupa il primo posto in classifica. Non mancheranno le novit\u00e0. Dopo la partenza di Moretti [&hellip;]<\/p>\n","protected":false},"author":60,"featured_media":187699,"comment_status":"open","ping_status":"closed","sticky":false,"template":"","format":"standard","meta":{"footnotes":""},"categories":[17],"tags":[],"class_list":["post-188053","post","type-post","status-publish","format-standard","has-post-thumbnail","hentry","category-sport"],"_links":{"self":[{"href":"https:\/\/www.radioluna.it\/news\/wp-json\/wp\/v2\/posts\/188053","targetHints":{"allow":["GET"]}}],"collection":[{"href":"https:\/\/www.radioluna.it\/news\/wp-json\/wp\/v2\/posts"}],"about":[{"href":"https:\/\/www.radioluna.it\/news\/wp-json\/wp\/v2\/types\/post"}],"author":[{"embeddable":true,"href":"https:\/\/www.radioluna.it\/news\/wp-json\/wp\/v2\/users\/60"}],"replies":[{"embeddable":true,"href":"https:\/\/www.radioluna.it\/news\/wp-json\/wp\/v2\/comments?post=188053"}],"version-history":[{"count":0,"href":"https:\/\/www.radioluna.it\/news\/wp-json\/wp\/v2\/posts\/188053\/revisions"}],"wp:featuredmedia":[{"embeddable":true,"href":"https:\/\/www.radioluna.it\/news\/wp-json\/wp\/v2\/media\/187699"}],"wp:attachment":[{"href":"https:\/\/www.radioluna.it\/news\/wp-json\/wp\/v2\/media?parent=188053"}],"wp:term":[{"taxonomy":"category","embeddable":true,"href":"https:\/\/www.radioluna.it\/news\/wp-json\/wp\/v2\/categories?post=188053"},{"taxonomy":"post_tag","embeddable":true,"href":"https:\/\/www.radioluna.it\/news\/wp-json\/wp\/v2\/tags?post=188053"}],"curies":[{"name":"wp","href":"https:\/\/api.w.org\/{rel}","templated":true}]}}