{"id":188054,"date":"2017-01-20T18:07:33","date_gmt":"2017-01-20T17:07:33","guid":{"rendered":"http:\/\/www.radioluna.it\/news\/?p=188054"},"modified":"2017-01-21T12:18:39","modified_gmt":"2017-01-21T11:18:39","slug":"operazione-tiberio-il-pm-e-in-riserva-per-cusani","status":"publish","type":"post","link":"https:\/\/www.radioluna.it\/news\/2017\/01\/operazione-tiberio-il-pm-e-in-riserva-per-cusani\/","title":{"rendered":"Operazione Tiberio, Cusani presenta ricorso e impugna l&#8217;ordinanza  al Tribunale del Riesame"},"content":{"rendered":"<div id=\"fb-root\"><\/div>\n<p><a href=\"http:\/\/www.radioluna.it\/news\/wp-content\/uploads\/2017\/01\/cc-2.jpg\"><img loading=\"lazy\" decoding=\"async\" class=\"aligncenter size-thumbnail wp-image-187750\" src=\"http:\/\/www.radioluna.it\/news\/wp-content\/uploads\/2017\/01\/cc-2-689x387.jpg\" alt=\"\" width=\"689\" height=\"387\" srcset=\"https:\/\/www.radioluna.it\/news\/wp-content\/uploads\/2017\/01\/cc-2-689x387.jpg 689w, https:\/\/www.radioluna.it\/news\/wp-content\/uploads\/2017\/01\/cc-2-300x168.jpg 300w, https:\/\/www.radioluna.it\/news\/wp-content\/uploads\/2017\/01\/cc-2-768x431.jpg 768w, https:\/\/www.radioluna.it\/news\/wp-content\/uploads\/2017\/01\/cc-2-1024x575.jpg 1024w, https:\/\/www.radioluna.it\/news\/wp-content\/uploads\/2017\/01\/cc-2-800x449.jpg 800w, https:\/\/www.radioluna.it\/news\/wp-content\/uploads\/2017\/01\/cc-2.jpg 1600w\" sizes=\"auto, (max-width: 689px) 100vw, 689px\" \/><\/a><\/p>\n<p style=\"text-align: justify;\"><strong>LATINA\u00a0<\/strong>&#8211;\u00a0<span style=\"color: #333333;\"><span style=\"font-family: Georgia, 'Times New Roman', 'Bitstream Charter', Times, serif;\"><span style=\"font-size: medium;\">Entro luned\u00ec il pm Valerio De Luca scioglier\u00e0 la riserva sulla richiesta di revoca della misura cautelare nei confronti del sindaco di Sperlonga Armando Cusani, detenuto in carcere in via Aspromonte a Latina. Entro marted\u00ec invece sar\u00e0 il gip Giuseppe Cario che si dovr\u00e0 pronunciare sulla richiesta presentata dalle difese. \u00a0Intanto l&#8217;ex presidente della Provincia di Latina ha presentato tramite i suoi avvocati ricorso al Tribunale del Riesame avverso la misura restrittiva che \u00e8 stata notificata luned\u00ec. Il sindaco di Sperlonga era stato arrestato dai carabinieri del Nucleo Investigativo di Latina insieme ad altre nove persone per turbativa d&#8217;asta e corruzione. Altri indagati invece sono accusati di associazione a delinquere per le gare d&#8217;appalto pilotate. \u00a0In carcere il primo cittadino di Sperlonga ha risposto per oltre un&#8217;ora al gip, come ha fatto anche Isidoro Masi che ha presentato ricorso al Tribunale del Riesame di Roma avverso la misura restrittiva.\u00a0Gli interrogatori degli altri arrestati che si trovano ai domiciliari riprenderanno invece marted\u00ec mattina quando sar\u00e0 ascoltato Gian Pietro De Biaggio e Domenico D&#8217;Achille, mercoled\u00ec sar\u00e0 il turno invece di Alessandra Bianchi, a seguire Andrea Fabrizio e Antonio Avellino.<\/span><\/span><\/span><\/p>\n","protected":false},"excerpt":{"rendered":"<p>LATINA\u00a0&#8211;\u00a0Entro luned\u00ec il pm Valerio De Luca scioglier\u00e0 la riserva sulla richiesta di revoca della misura cautelare nei confronti del sindaco di Sperlonga Armando Cusani, detenuto in carcere in via Aspromonte a Latina. Entro marted\u00ec invece sar\u00e0 il gip Giuseppe Cario che si dovr\u00e0 pronunciare sulla richiesta presentata dalle difese. \u00a0Intanto l&#8217;ex presidente della Provincia [&hellip;]<\/p>\n","protected":false},"author":60,"featured_media":187750,"comment_status":"open","ping_status":"closed","sticky":false,"template":"","format":"standard","meta":{"footnotes":""},"categories":[7],"tags":[],"class_list":["post-188054","post","type-post","status-publish","format-standard","has-post-thumbnail","hentry","category-cronaca"],"_links":{"self":[{"href":"https:\/\/www.radioluna.it\/news\/wp-json\/wp\/v2\/posts\/188054","targetHints":{"allow":["GET"]}}],"collection":[{"href":"https:\/\/www.radioluna.it\/news\/wp-json\/wp\/v2\/posts"}],"about":[{"href":"https:\/\/www.radioluna.it\/news\/wp-json\/wp\/v2\/types\/post"}],"author":[{"embeddable":true,"href":"https:\/\/www.radioluna.it\/news\/wp-json\/wp\/v2\/users\/60"}],"replies":[{"embeddable":true,"href":"https:\/\/www.radioluna.it\/news\/wp-json\/wp\/v2\/comments?post=188054"}],"version-history":[{"count":0,"href":"https:\/\/www.radioluna.it\/news\/wp-json\/wp\/v2\/posts\/188054\/revisions"}],"wp:featuredmedia":[{"embeddable":true,"href":"https:\/\/www.radioluna.it\/news\/wp-json\/wp\/v2\/media\/187750"}],"wp:attachment":[{"href":"https:\/\/www.radioluna.it\/news\/wp-json\/wp\/v2\/media?parent=188054"}],"wp:term":[{"taxonomy":"category","embeddable":true,"href":"https:\/\/www.radioluna.it\/news\/wp-json\/wp\/v2\/categories?post=188054"},{"taxonomy":"post_tag","embeddable":true,"href":"https:\/\/www.radioluna.it\/news\/wp-json\/wp\/v2\/tags?post=188054"}],"curies":[{"name":"wp","href":"https:\/\/api.w.org\/{rel}","templated":true}]}}