{"id":188086,"date":"2017-01-21T13:04:33","date_gmt":"2017-01-21T12:04:33","guid":{"rendered":"http:\/\/www.radioluna.it\/news\/?p=188086"},"modified":"2017-04-20T09:59:55","modified_gmt":"2017-04-20T07:59:55","slug":"benacquista-basket-senza-rullo-e-uglietti","status":"publish","type":"post","link":"https:\/\/www.radioluna.it\/news\/2017\/01\/benacquista-basket-senza-rullo-e-uglietti\/","title":{"rendered":"Benacquista Basket senza Rullo e Uglietti"},"content":{"rendered":"<div id=\"fb-root\"><\/div>\n<p style=\"text-align: justify\"><a href=\"http:\/\/www.radioluna.it\/news\/wp-content\/uploads\/2017\/01\/rullo-1170x650.jpg\"><img loading=\"lazy\" decoding=\"async\" class=\"aligncenter wp-image-188099 size-thumbnail\" src=\"http:\/\/www.radioluna.it\/news\/wp-content\/uploads\/2017\/01\/rullo-1170x650-689x383.jpg\" width=\"689\" height=\"383\" srcset=\"https:\/\/www.radioluna.it\/news\/wp-content\/uploads\/2017\/01\/rullo-1170x650-689x383.jpg 689w, https:\/\/www.radioluna.it\/news\/wp-content\/uploads\/2017\/01\/rullo-1170x650-300x167.jpg 300w, https:\/\/www.radioluna.it\/news\/wp-content\/uploads\/2017\/01\/rullo-1170x650-768x427.jpg 768w, https:\/\/www.radioluna.it\/news\/wp-content\/uploads\/2017\/01\/rullo-1170x650-1024x569.jpg 1024w, https:\/\/www.radioluna.it\/news\/wp-content\/uploads\/2017\/01\/rullo-1170x650-800x444.jpg 800w, https:\/\/www.radioluna.it\/news\/wp-content\/uploads\/2017\/01\/rullo-1170x650.jpg 1170w\" sizes=\"auto, (max-width: 689px) 100vw, 689px\" \/><\/a><\/p>\n<p style=\"text-align: justify\"><strong>LATINA- \u00a0La\u00a0Benacquista Assicurazioni Latina Basket ospita al PalaBianchini domani, domenica 22 gennaio alle 18.00, la compagine della\u00a0Givova Scafati<\/strong> in una sfida che nasconde diverse insidie. Nella terza di andata i nerazzurri avevano conquistato al PalaMangano la giornata per\u00a082-72 conquistando i primi due punti stagionali. \u00a0Adesso Gramenzi dovr\u00e0 fare a meno di un&#8217;importante pedina del suo roster, <strong>Roberto Rullo<\/strong> dovr\u00e0 stare fermo per qualche partita per infortunio e probabilmente anche il capitano pontino <strong>Lorenzo Uglietti<\/strong> non scender\u00e0 in campo,\u00a0colpito da una forte influenza.<\/p>\n<p style=\"text-align: justify\">La terza giornata di ritorno si presenta difficile per i nerazzurri che dovranno dare il 100% con Coach Gramenzi costretto a rimaneggiare la formazione sopratutto dopo la voglia di riscatto del KO sul campo dell&#8217;Orsi Tortona interrompendo cos\u00ec la striscia positiva. Il nuovo arrivato in casa Benacquista il <strong>playmaker Marco Passera<\/strong>, gi\u00e0 ben integrato nel gruppo, &#8220;<em>Sarebbe stato meglio aver collezionato tre vittorie, purtroppo a Tortona ci siamo solo andati vicini, giocando bene i primi 3 quarti, ma un blackout di 5 minuti ci \u00e8 costato la partita. Abbiamo conquistato due bei successi con delle dirette concorrenti davanti al pubblico di casa, peccato per il risultato in Piemonte, ma credo che la squadra sia in crescita. Speriamo di mettere in cascina due risultati positivi in casa, perch\u00e9 sono le partite pi\u00f9 importanti per guadagnare i punti necessari per accedere ai playoff<\/em> &#8220;. Infatti il club pontino ospiter\u00e0 in casa anche la formazione siciliana della <strong>Moncada Agrigento domenica 29 gennaio<\/strong> sempre alle 18.00 nella seconda sfida casalinga consecutiva.<\/p>\n<p style=\"text-align: justify\"><a href=\"http:\/\/www.radioluna.it\/news\/wp-content\/uploads\/2017\/01\/15978043_1271293359583519_21109484648059809_n-1.jpg\"><img loading=\"lazy\" decoding=\"async\" class=\"alignleft wp-image-188098 size-full\" src=\"http:\/\/www.radioluna.it\/news\/wp-content\/uploads\/2017\/01\/15978043_1271293359583519_21109484648059809_n-1.jpg\" width=\"200\" height=\"200\" srcset=\"https:\/\/www.radioluna.it\/news\/wp-content\/uploads\/2017\/01\/15978043_1271293359583519_21109484648059809_n-1.jpg 200w, https:\/\/www.radioluna.it\/news\/wp-content\/uploads\/2017\/01\/15978043_1271293359583519_21109484648059809_n-1-50x50.jpg 50w\" sizes=\"auto, (max-width: 200px) 100vw, 200px\" \/><\/a>Scafati \u00e8 attualmente in coda alla classifica del girone a quota 8 punti, ma la posizione occupata dalla Givova non rispecchia certo le aspettative d\u2019inizio stagione del club n\u00e9 il reale valore del gruppo, arriver\u00e0 a Latina con la forte determinazione di riscattare al pi\u00f9 presto le recenti tre sconfitte consecutive e conquistare punti preziosi per scrollarsi di dosso la veste di fanalino di coda mentre i padroni di casa sono a 18 punti in classifica e non lasceranno di certo spazio agli avversari per acquistare punti importanti per l&#8217;obiettivo <em>playoff<\/em> &#8220;<em>Vogliamo provare a far bene per arrivare pi\u00f9 in alto possibile, per questo dobbiamo lavorare come stiamo facendo ora e convinti dei nostri mezzi partendo dalle partite in casa, senza regalare punti. Coach Gramenzi \u00e8 il vero capo della squadra<\/em> \u2013 continua Marco Passera \u2013<em> \u00a0quando si va in campo tutti sono orientati e concentrati nel fare ci\u00f2 che dice lui e facendolo arrivano i risultati (a Tortona non lo abbiamo fatto per 5 minuti e gli avversari sono stati abili nell\u2019approfittarne). Qui a Latina ho trovato esattamente quello che volevo, un bell\u2019ambiente dove lavorare sempre con il sorriso, un gruppo di ragazzi d\u2019oro e una quantit\u00e0 di lavoro molto buona per me che vengo da due mesi di stop e sto cercando di rimettermi in forma, nonostante nella prima settimana ci siano state tre partite<\/em>&#8220;.<\/p>\n<p style=\"text-align: justify\">Conclude il numero 3 della Benacquista che non prende di certo sottogamba la partita e non svaluta l&#8217;avversario che non verr\u00e0 a Latina a fare una gita &#8220;<em>Scafati con il roster che ha non dovrebbe certo occupare l\u2019ultima posizione in classifica, ma se si trovano in questa situazione \u00e8 ovvio che hanno qualche problema. Per quanto ci riguarda dobbiamo pensare soltanto a noi stessi e non guardare in faccia nessuno. Speriamo che i nostri risultati ci permettano di trascinare sempre pi\u00f9 gente al palazzetto perch\u00e9 quando sar\u00e0 pieno sar\u00e0 una bella bolgia e non passer\u00e0 pi\u00f9 nessuno. Domenica invitiamo tutti i tifosi a venire al PalaBianchini perch\u00e9 c\u2019\u00e8 da vincere una partita importante e serve il sostegno del pubblico per avere una marcia in pi\u00f9. Noi daremo il 100%, se anche i tifosi faranno la loro parte daremo il 120%, quindi li aspettiamo<\/em>&#8220;.<\/p>\n","protected":false},"excerpt":{"rendered":"<p>LATINA- \u00a0La\u00a0Benacquista Assicurazioni Latina Basket ospita al PalaBianchini domani, domenica 22 gennaio alle 18.00, la compagine della\u00a0Givova Scafati in una sfida che nasconde diverse insidie. Nella terza di andata i nerazzurri avevano conquistato al PalaMangano la giornata per\u00a082-72 conquistando i primi due punti stagionali. \u00a0Adesso Gramenzi dovr\u00e0 fare a meno di un&#8217;importante pedina del suo [&hellip;]<\/p>\n","protected":false},"author":5430,"featured_media":188097,"comment_status":"open","ping_status":"closed","sticky":false,"template":"","format":"standard","meta":{"footnotes":""},"categories":[17],"tags":[],"class_list":["post-188086","post","type-post","status-publish","format-standard","has-post-thumbnail","hentry","category-sport"],"_links":{"self":[{"href":"https:\/\/www.radioluna.it\/news\/wp-json\/wp\/v2\/posts\/188086","targetHints":{"allow":["GET"]}}],"collection":[{"href":"https:\/\/www.radioluna.it\/news\/wp-json\/wp\/v2\/posts"}],"about":[{"href":"https:\/\/www.radioluna.it\/news\/wp-json\/wp\/v2\/types\/post"}],"author":[{"embeddable":true,"href":"https:\/\/www.radioluna.it\/news\/wp-json\/wp\/v2\/users\/5430"}],"replies":[{"embeddable":true,"href":"https:\/\/www.radioluna.it\/news\/wp-json\/wp\/v2\/comments?post=188086"}],"version-history":[{"count":0,"href":"https:\/\/www.radioluna.it\/news\/wp-json\/wp\/v2\/posts\/188086\/revisions"}],"wp:featuredmedia":[{"embeddable":true,"href":"https:\/\/www.radioluna.it\/news\/wp-json\/wp\/v2\/media\/188097"}],"wp:attachment":[{"href":"https:\/\/www.radioluna.it\/news\/wp-json\/wp\/v2\/media?parent=188086"}],"wp:term":[{"taxonomy":"category","embeddable":true,"href":"https:\/\/www.radioluna.it\/news\/wp-json\/wp\/v2\/categories?post=188086"},{"taxonomy":"post_tag","embeddable":true,"href":"https:\/\/www.radioluna.it\/news\/wp-json\/wp\/v2\/tags?post=188086"}],"curies":[{"name":"wp","href":"https:\/\/api.w.org\/{rel}","templated":true}]}}