{"id":188317,"date":"2017-01-25T12:01:13","date_gmt":"2017-01-25T11:01:13","guid":{"rendered":"http:\/\/www.radioluna.it\/news\/?p=188317"},"modified":"2017-04-20T09:57:55","modified_gmt":"2017-04-20T07:57:55","slug":"benacquista-basket-con-ss-lazio-per-basket-in-carrozzina","status":"publish","type":"post","link":"https:\/\/www.radioluna.it\/news\/2017\/01\/benacquista-basket-con-ss-lazio-per-basket-in-carrozzina\/","title":{"rendered":"Benacquista Basket con SS Lazio per Basket in carrozzina"},"content":{"rendered":"<div id=\"fb-root\"><\/div>\n<p style=\"text-align: justify\"><strong><a href=\"http:\/\/www.radioluna.it\/news\/wp-content\/uploads\/2017\/01\/da0e0ea2-d032-49cc-a318-a013e46e743a.jpg\"><img loading=\"lazy\" decoding=\"async\" class=\"aligncenter wp-image-188318 size-thumbnail\" src=\"http:\/\/www.radioluna.it\/news\/wp-content\/uploads\/2017\/01\/da0e0ea2-d032-49cc-a318-a013e46e743a-689x517.jpg\" width=\"689\" height=\"517\" srcset=\"https:\/\/www.radioluna.it\/news\/wp-content\/uploads\/2017\/01\/da0e0ea2-d032-49cc-a318-a013e46e743a-689x517.jpg 689w, https:\/\/www.radioluna.it\/news\/wp-content\/uploads\/2017\/01\/da0e0ea2-d032-49cc-a318-a013e46e743a-300x225.jpg 300w, https:\/\/www.radioluna.it\/news\/wp-content\/uploads\/2017\/01\/da0e0ea2-d032-49cc-a318-a013e46e743a-768x576.jpg 768w, https:\/\/www.radioluna.it\/news\/wp-content\/uploads\/2017\/01\/da0e0ea2-d032-49cc-a318-a013e46e743a-800x600.jpg 800w, https:\/\/www.radioluna.it\/news\/wp-content\/uploads\/2017\/01\/da0e0ea2-d032-49cc-a318-a013e46e743a.jpg 960w\" sizes=\"auto, (max-width: 689px) 100vw, 689px\" \/><\/a><\/strong><\/p>\n<p style=\"text-align: justify\"><strong>LATINA-<\/strong> Latina Basket \u00e8 sinonimo di solidariet\u00e0 e positivit\u00e0, &#8220;<em>vedere positivo attraverso un canestro<\/em>&#8221; \u00a0\u00e8 questo il messaggio che vuole lanciare la Societ\u00e0 pontina, mediante l&#8217;evento <em>basket in carrozzina<\/em> fortemente voluto dal\u00a0<strong>Presidente Lucio Benacquista<\/strong> che ha incontrato nei giorni scorsi <strong>Moreno Paggi, Presidente della SS Lazio Basket in carrozzina<\/strong> per promuovere insieme due importati appuntamenti che si svolgeranno a Latina nei mesi di febbraio e marzo. Latina come palcoscenico di due partite ufficiali del <strong>Campionato Giovanile Nazionale di basket in carrozzina<\/strong>.<\/p>\n<p style=\"text-align: justify\"><img loading=\"lazy\" decoding=\"async\" class=\"size-medium wp-image-188337 alignleft\" src=\"http:\/\/www.radioluna.it\/news\/wp-content\/uploads\/2017\/01\/Basket_in_carrozzina-300x200-300x200.jpg\" alt=\"\" width=\"300\" height=\"200\" \/>Evento nato dalla volont\u00e0 di\u00a0offrire l\u2019opportunit\u00e0 di assistere alla magia dei ragazzi in campo e mostrare cosa sia in grado di fare il basket per eliminare\u00a0ogni tipo di pregiudizi e indifferenza, <strong>il primo evento \u00e8 in programma il 26 febbraio presso la palestra del Vittorio Veneto, ne seguir\u00e0 un altro il 26 marzo sul campo dei campioni al PalaBianchini di Latina<\/strong>. &#8220;<em>E\u2019 un\u2019opportunit\u00e0 importante per far conoscere pi\u00f9 da vicino il Basket in Carrozzina perch\u00e9 lo sport, oltre a rappresentare passione e sacrificio, porta con s\u00e9 anche tanti valori della vita, tra i quali la solidariet\u00e0 e la fratellanz<\/em>a \u2013 spiega il Presidente nerazzurro \u2013 <em>Sar\u00e0 un\u2019occasione per premiare lo sport, il basket e avvicinare tutta la cittadinanza a questa splendida realt\u00e0. Il Sindaco ha accettato la richiesta di disputare la gara del mese di marzo al PalaBianchini, la speranza \u00e8 quella di creare a Latina una nuova opportunit\u00e0 per tutti i giovani della provincia, un nucleo di ragazzi che possano giocare a basket in carrozzina nella loro regione senza essere costretti ad andare lontano<\/em>&#8220;. Una realt\u00e0 che a cui il territorio non vuole mancare anzi essere protagonista e generare solidariet\u00e0\u00a0e attenzione nei confronti di chi \u00e8 costretto tutti i giorni su una sedia a rotelle.<\/p>\n<p style=\"text-align: justify\">Continua il\u00a0Presidente con orgoglio \u00a0&#8220;<em>Sono orgoglioso di poter ospitare un evento di questa portata, questi ragazzi sono la prova che superare i propri limiti \u00e8 possibile, la dimostrazione della capacit\u00e0 di reagire di ognuno di fronte alle difficolt\u00e0, nei loro occhi si coglie subito il valore che questo sport gli trasmette<\/em>&#8220;.\u00a0Il basket in carrozzina \u00e8 un mondo che ha bisogno di essere conosciuto da tutti perch\u00e9 non solo \u00e8 uno sport che regala emozioni e soddisfazioni ma soprattutto racconta spesso storie che vanno a finire nel dimenticatoio, storie che si nascondono per chi non vuole vedere e ascoltare, storie di vita e di sport fatto di competizione e agonismo, di squadra e integrazione intesa come inclusione sociale nel rispetto per il compagno e l&#8217;avversario. &#8220;I r<em>agazzi e ragazze volano nel campo, avanti e indietro, le carrozzine spariscono allo sguardo del pubblico, conta solo il gioco, le sue regole e le sue strategie<\/em>&#8220;.<\/p>\n","protected":false},"excerpt":{"rendered":"<p>LATINA- Latina Basket \u00e8 sinonimo di solidariet\u00e0 e positivit\u00e0, &#8220;vedere positivo attraverso un canestro&#8221; \u00a0\u00e8 questo il messaggio che vuole lanciare la Societ\u00e0 pontina, mediante l&#8217;evento basket in carrozzina fortemente voluto dal\u00a0Presidente Lucio Benacquista che ha incontrato nei giorni scorsi Moreno Paggi, Presidente della SS Lazio Basket in carrozzina per promuovere insieme due importati appuntamenti [&hellip;]<\/p>\n","protected":false},"author":5430,"featured_media":188318,"comment_status":"open","ping_status":"closed","sticky":false,"template":"","format":"standard","meta":{"footnotes":""},"categories":[17],"tags":[],"class_list":["post-188317","post","type-post","status-publish","format-standard","has-post-thumbnail","hentry","category-sport"],"_links":{"self":[{"href":"https:\/\/www.radioluna.it\/news\/wp-json\/wp\/v2\/posts\/188317","targetHints":{"allow":["GET"]}}],"collection":[{"href":"https:\/\/www.radioluna.it\/news\/wp-json\/wp\/v2\/posts"}],"about":[{"href":"https:\/\/www.radioluna.it\/news\/wp-json\/wp\/v2\/types\/post"}],"author":[{"embeddable":true,"href":"https:\/\/www.radioluna.it\/news\/wp-json\/wp\/v2\/users\/5430"}],"replies":[{"embeddable":true,"href":"https:\/\/www.radioluna.it\/news\/wp-json\/wp\/v2\/comments?post=188317"}],"version-history":[{"count":0,"href":"https:\/\/www.radioluna.it\/news\/wp-json\/wp\/v2\/posts\/188317\/revisions"}],"wp:featuredmedia":[{"embeddable":true,"href":"https:\/\/www.radioluna.it\/news\/wp-json\/wp\/v2\/media\/188318"}],"wp:attachment":[{"href":"https:\/\/www.radioluna.it\/news\/wp-json\/wp\/v2\/media?parent=188317"}],"wp:term":[{"taxonomy":"category","embeddable":true,"href":"https:\/\/www.radioluna.it\/news\/wp-json\/wp\/v2\/categories?post=188317"},{"taxonomy":"post_tag","embeddable":true,"href":"https:\/\/www.radioluna.it\/news\/wp-json\/wp\/v2\/tags?post=188317"}],"curies":[{"name":"wp","href":"https:\/\/api.w.org\/{rel}","templated":true}]}}