{"id":188346,"date":"2017-01-25T13:23:03","date_gmt":"2017-01-25T12:23:03","guid":{"rendered":"http:\/\/www.radioluna.it\/news\/?p=188346"},"modified":"2017-02-08T18:23:41","modified_gmt":"2017-02-08T17:23:41","slug":"montello-a-rischio-la-bonifica-ecoambiente-non-ci-sono-soldi-senza-ulteriori-abbancamenti","status":"publish","type":"post","link":"https:\/\/www.radioluna.it\/news\/2017\/01\/montello-a-rischio-la-bonifica-ecoambiente-non-ci-sono-soldi-senza-ulteriori-abbancamenti\/","title":{"rendered":"Montello, a rischio la bonifica"},"content":{"rendered":"<div id=\"fb-root\"><\/div>\n<div id=\"attachment_124284\" style=\"width: 699px\" class=\"wp-caption aligncenter\"><img loading=\"lazy\" decoding=\"async\" aria-describedby=\"caption-attachment-124284\" class=\"wp-image-124284\" src=\"https:\/\/www.radioluna.it\/news\/wp-content\/uploads\/2012\/08\/Borgo-Montello.jpg\" width=\"689\" height=\"462\" srcset=\"https:\/\/www.radioluna.it\/news\/wp-content\/uploads\/2012\/08\/Borgo-Montello.jpg 400w, https:\/\/www.radioluna.it\/news\/wp-content\/uploads\/2012\/08\/Borgo-Montello-300x201.jpg 300w\" sizes=\"auto, (max-width: 689px) 100vw, 689px\" \/><p id=\"caption-attachment-124284\" class=\"wp-caption-text\">La discarica di Borgo Montello<\/p><\/div>\n<p style=\"text-align: justify;\"><strong>LATINA<\/strong> &#8211; Mentre la Indeco rinuncia a qualunque attivit\u00e0 sulla discarica di Borgo Montello, la Ecoambiente avverte che \u00e8 a rischio per mancanza di risorse economiche la sua bonifica. E&#8217; la sintesi dell&#8217;ultima conferenza di servizi sul sito alle porte di Latina.<\/p>\n<p style=\"text-align: justify;\"><strong>LA BONIFICA<\/strong> &#8211; Sul punto, \u00e8 muro contro muro tra enti e societ\u00e0 privata sul piano di bonifica della discarica di Borgo Montello. Come era prevedibile, la Ecoambiente ha detto che non si sono soldi per completarlo a meno che non arrivi da parte degli Enti l&#8217;autorizzazione per abbancare altri rifiuti, garantendo di fatto la si &#8220;continuit\u00e0 produttiva&#8221;. Dunque il piano \u00e8 fermo e potrebbe non essere mai completato.<br \/>\nIn pratica, dopo che Comune di Latina e Provincia, d\u2019intesa anche con l\u2019Ufficio Bonifiche della Regione Lazio, hanno confermato che non verr\u00e0 presa in considerazione alcuna richiesta di ulteriori ampliamenti (meno che mai la realizzazione di altri impianti) se non sar\u00e0 completato prima il progetto di bonifica, gli amministratori della Ecoambiente hanno respinto al mittente e ribadito che in assenza di ulteriori autorizzazioni di smaltimento (discarica o TMB che sia), le risorse economiche potranno essere garantite solo dai soci, cio\u00e8 la appena fallita Latina Ambiente e il gruppo facente capo a Manlio Cerroni.<\/p>\n<p style=\"text-align: justify;\">\u201cCome dire &#8211; commentano dal Comune &#8211; che la bonifica non verr\u00e0 mai completata\u201d. Per questo l\u2019Assessore all\u2019Ambiente Roberto Lessio ha fatto mettere a verbale che verr\u00e0 chiesto alla Regione Lazio un apposito incontro di approfondimento per procedere comunque alla bonifica definitiva della discarica.<\/p>\n<p style=\"text-align: justify;\"><strong>L&#8217;ADDIO DI INDECO<\/strong> &#8211; Nel corso della stessa conferenza di servizi, con un documento ufficiale \u00e8 stato annunciato che che la Indeco Srl ha rinunciato e dunque formalmente abbandonato il progetto per la realizzazione dell\u2019impianto di Trattamento Meccanico Biologico e di fatto a qualsiasi altro investimento sul sito. \u201cIndeco Srl, garantir\u00e0 comunque l\u2019espletamento degli obblighi derivanti dalla gestione post-mortem degli invasi di propria competenza &#8211; si legge in una nota del Comune &#8211; \u00a0Tra questi obblighi rientrano quelli della gestione dell\u2019impianto di captazione e combustione del biogas che verr\u00e0 prodotto dalla discarica negli anni a venire. Un\u2019attivit\u00e0 che verr\u00e0 realizzata in perdita dalla societ\u00e0 (il biogas in questione non \u00e8 pi\u00f9 interessato dagli incentivi statali dovuti alle \u201cfonti rinnovabili assimilate\u201d), rispetto alla quale dovr\u00e0 comunque essere prodotta apposita fidejussione a favore del Comune di Latina\u201d.<\/p>\n<p style=\"text-align: justify;\">\u00abQuesto documento ci d\u00e0 la conferma della bont\u00e0 dell\u2019operato dell\u2019Assessore Lessio \u2013 afferma il Sindaco Damiano Coletta \u2013 in coerenza con quanto abbiamo sempre affermato sulla volont\u00e0 di chiudere la discarica di Borgo Montello e con l\u2019ordine del giorno votato all\u2019unanimit\u00e0 dal Consiglio Comunale nel novembre del 2016\u00bb.<\/p>\n<p style=\"text-align: justify;\">Alla conferenza hanno partecipato la dott.ssa Nicoletta Valle per la Provincia di Latina, il Dott. Eugenio Monaco per l\u2019Ufficio Bonifiche della Regione Lazio, i rappresentanti dell\u2019ASL e dell\u2019ARPA di Latina, gli amministratori di Ecoambiente Srl e l\u2019Amministratore Unico di Indeco Srl, il Dott. Giorgio Cardona.<\/p>\n","protected":false},"excerpt":{"rendered":"<p>LATINA &#8211; Mentre la Indeco rinuncia a qualunque attivit\u00e0 sulla discarica di Borgo Montello, la Ecoambiente avverte che \u00e8 a rischio per mancanza di risorse economiche la sua bonifica. E&#8217; la sintesi dell&#8217;ultima conferenza di servizi sul sito alle porte di Latina. LA BONIFICA &#8211; Sul punto, \u00e8 muro contro muro tra enti e societ\u00e0 [&hellip;]<\/p>\n","protected":false},"author":62,"featured_media":124284,"comment_status":"open","ping_status":"closed","sticky":false,"template":"","format":"standard","meta":{"footnotes":""},"categories":[12],"tags":[],"class_list":["post-188346","post","type-post","status-publish","format-standard","has-post-thumbnail","hentry","category-ambiente"],"_links":{"self":[{"href":"https:\/\/www.radioluna.it\/news\/wp-json\/wp\/v2\/posts\/188346","targetHints":{"allow":["GET"]}}],"collection":[{"href":"https:\/\/www.radioluna.it\/news\/wp-json\/wp\/v2\/posts"}],"about":[{"href":"https:\/\/www.radioluna.it\/news\/wp-json\/wp\/v2\/types\/post"}],"author":[{"embeddable":true,"href":"https:\/\/www.radioluna.it\/news\/wp-json\/wp\/v2\/users\/62"}],"replies":[{"embeddable":true,"href":"https:\/\/www.radioluna.it\/news\/wp-json\/wp\/v2\/comments?post=188346"}],"version-history":[{"count":0,"href":"https:\/\/www.radioluna.it\/news\/wp-json\/wp\/v2\/posts\/188346\/revisions"}],"wp:featuredmedia":[{"embeddable":true,"href":"https:\/\/www.radioluna.it\/news\/wp-json\/wp\/v2\/media\/124284"}],"wp:attachment":[{"href":"https:\/\/www.radioluna.it\/news\/wp-json\/wp\/v2\/media?parent=188346"}],"wp:term":[{"taxonomy":"category","embeddable":true,"href":"https:\/\/www.radioluna.it\/news\/wp-json\/wp\/v2\/categories?post=188346"},{"taxonomy":"post_tag","embeddable":true,"href":"https:\/\/www.radioluna.it\/news\/wp-json\/wp\/v2\/tags?post=188346"}],"curies":[{"name":"wp","href":"https:\/\/api.w.org\/{rel}","templated":true}]}}