{"id":188349,"date":"2017-01-25T13:54:42","date_gmt":"2017-01-25T12:54:42","guid":{"rendered":"http:\/\/www.radioluna.it\/news\/?p=188349"},"modified":"2017-01-25T13:54:42","modified_gmt":"2017-01-25T12:54:42","slug":"a-latina-uisp-a-congresso-per-il-rinnovo-delle-cariche","status":"publish","type":"post","link":"https:\/\/www.radioluna.it\/news\/2017\/01\/a-latina-uisp-a-congresso-per-il-rinnovo-delle-cariche\/","title":{"rendered":"A Latina Uisp a congresso per il rinnovo delle cariche"},"content":{"rendered":"<div id=\"fb-root\"><\/div>\n<div id=\"attachment_188350\" style=\"width: 699px\" class=\"wp-caption aligncenter\"><img loading=\"lazy\" decoding=\"async\" aria-describedby=\"caption-attachment-188350\" class=\"size-thumbnail wp-image-188350\" src=\"http:\/\/www.radioluna.it\/news\/wp-content\/uploads\/2017\/01\/Lattanzi_e_squadra-1-689x432.jpg\" alt=\"\" width=\"689\" height=\"432\" srcset=\"https:\/\/www.radioluna.it\/news\/wp-content\/uploads\/2017\/01\/Lattanzi_e_squadra-1-689x432.jpg 689w, https:\/\/www.radioluna.it\/news\/wp-content\/uploads\/2017\/01\/Lattanzi_e_squadra-1-300x188.jpg 300w, https:\/\/www.radioluna.it\/news\/wp-content\/uploads\/2017\/01\/Lattanzi_e_squadra-1-768x482.jpg 768w, https:\/\/www.radioluna.it\/news\/wp-content\/uploads\/2017\/01\/Lattanzi_e_squadra-1-800x502.jpg 800w, https:\/\/www.radioluna.it\/news\/wp-content\/uploads\/2017\/01\/Lattanzi_e_squadra-1.jpg 960w\" sizes=\"auto, (max-width: 689px) 100vw, 689px\" \/><p id=\"caption-attachment-188350\" class=\"wp-caption-text\">Il Presidente Lattanzi con la squadra di lavoro<\/p><\/div>\n<p style=\"text-align: justify;\"><strong>LATINA<\/strong> &#8211; Si \u00e8 tenuto oggi il congresso del Comitato Territoriale Uisp di Latina \u00a0per il rinnovo delle cariche statutarie per il prossimo quadriennio 2017-2021, con la partecipazione dei \u00a0rappresentanti delle 150 societ\u00e0 affiliate sul territorio, per un totale di circa 15 mila tesserati.<\/p>\n<p style=\"text-align: justify;\">Nel 69\u00b0 anno di attivit\u00e0, i delegati presenti hanno riconfermato all\u2019unanimit\u00e0, per il secondo mandato, Domenico Lattanzi alla presidenza. Lattanzi sar\u00e0 affiancato da una squadra con molte conferme e alcune novit\u00e0.<br \/>\n\u00abIl prossimo 4 aprile \u2013 ha ricordato Lattanzi &#8211; l\u2019Uisp compir\u00e0 69 anni. Nacque per tutelare il diritto allo sport e per lo sport popolare, con attenzione verso i ceti deboli esclusi dalla pratica sportiva, per la popolarizzazione delle discipline e dello sport, contro le barriere di classe di genere e di et\u00e0. Alla fine degli anni \u201880 la UISP ridefinisce le proprie finalit\u00e0 e obiettivi, verso il nuovo concetto dello &#8220;sport per tutti&#8221; che in poche parole significa: distinzione tra prestazione relativa per la soddisfazione del praticante e prestazione assoluta per il risultato tecnico. Questa \u00e8 una rivoluzione concettuale che mette al centro non la disciplina praticata ma la persona che la pratica\u00bb.<\/p>\n<p style=\"text-align: justify;\">Tra eventi targati Uisp Latina prende parte a Vivicitt\u00e0-Trofeo Mapei, Bicincitt\u00e0, Giocagin, il Grande Slam di corsa su strada e organizza la Maratona di Latina, tutti quest\u2019anno oltre la ventesima edizione.<\/p>\n<p style=\"text-align: justify;\">Il congresso dell\u2019Uisp si \u00e8 tenuto alla presenza del sindaco di Latina Damiano Coletta e dell\u2019assessora allo Sport Antonella Di Muro, \u00a0Presenti anche il commissario dell\u2019Uisp Lazio Stefano Rumori, l\u2019ex presidente regionale e territoriale Natalino Nocer e il Responsabile Organizzazione dell\u2019Uisp Nazionale Tommaso Dorati, gi\u00e0 direttore generale dell\u2019Uisp di Latina nonch\u00e9 della Maratona.<\/p>\n<p style=\"text-align: justify;\">\n","protected":false},"excerpt":{"rendered":"<p>LATINA &#8211; Si \u00e8 tenuto oggi il congresso del Comitato Territoriale Uisp di Latina \u00a0per il rinnovo delle cariche statutarie per il prossimo quadriennio 2017-2021, con la partecipazione dei \u00a0rappresentanti delle 150 societ\u00e0 affiliate sul territorio, per un totale di circa 15 mila tesserati. Nel 69\u00b0 anno di attivit\u00e0, i delegati presenti hanno riconfermato all\u2019unanimit\u00e0, [&hellip;]<\/p>\n","protected":false},"author":60,"featured_media":188350,"comment_status":"open","ping_status":"closed","sticky":false,"template":"","format":"standard","meta":{"footnotes":""},"categories":[17],"tags":[],"class_list":["post-188349","post","type-post","status-publish","format-standard","has-post-thumbnail","hentry","category-sport"],"_links":{"self":[{"href":"https:\/\/www.radioluna.it\/news\/wp-json\/wp\/v2\/posts\/188349","targetHints":{"allow":["GET"]}}],"collection":[{"href":"https:\/\/www.radioluna.it\/news\/wp-json\/wp\/v2\/posts"}],"about":[{"href":"https:\/\/www.radioluna.it\/news\/wp-json\/wp\/v2\/types\/post"}],"author":[{"embeddable":true,"href":"https:\/\/www.radioluna.it\/news\/wp-json\/wp\/v2\/users\/60"}],"replies":[{"embeddable":true,"href":"https:\/\/www.radioluna.it\/news\/wp-json\/wp\/v2\/comments?post=188349"}],"version-history":[{"count":0,"href":"https:\/\/www.radioluna.it\/news\/wp-json\/wp\/v2\/posts\/188349\/revisions"}],"wp:featuredmedia":[{"embeddable":true,"href":"https:\/\/www.radioluna.it\/news\/wp-json\/wp\/v2\/media\/188350"}],"wp:attachment":[{"href":"https:\/\/www.radioluna.it\/news\/wp-json\/wp\/v2\/media?parent=188349"}],"wp:term":[{"taxonomy":"category","embeddable":true,"href":"https:\/\/www.radioluna.it\/news\/wp-json\/wp\/v2\/categories?post=188349"},{"taxonomy":"post_tag","embeddable":true,"href":"https:\/\/www.radioluna.it\/news\/wp-json\/wp\/v2\/tags?post=188349"}],"curies":[{"name":"wp","href":"https:\/\/api.w.org\/{rel}","templated":true}]}}