{"id":188385,"date":"2017-01-26T18:54:45","date_gmt":"2017-01-26T17:54:45","guid":{"rendered":"http:\/\/www.radioluna.it\/news\/?p=188385"},"modified":"2017-01-27T09:14:56","modified_gmt":"2017-01-27T08:14:56","slug":"sezze-investi-e-uccise-unanziana-senza-soccorrerla-arrestato-il-27enne-pirata-della-strada","status":"publish","type":"post","link":"https:\/\/www.radioluna.it\/news\/2017\/01\/sezze-investi-e-uccise-unanziana-senza-soccorrerla-arrestato-il-27enne-pirata-della-strada\/","title":{"rendered":"Sezze, invest\u00ec e uccise un&#8217;anziana senza soccorrerla: arrestato il 27enne pirata della strada"},"content":{"rendered":"<div id=\"fb-root\"><\/div>\n<p><a href=\"http:\/\/www.radioluna.it\/news\/wp-content\/uploads\/2017\/01\/Listener-689x458-1.jpg\"><img loading=\"lazy\" decoding=\"async\" class=\"aligncenter size-thumbnail wp-image-188386\" src=\"http:\/\/www.radioluna.it\/news\/wp-content\/uploads\/2017\/01\/Listener-689x458-1-689x458.jpg\" alt=\"\" width=\"689\" height=\"458\" srcset=\"https:\/\/www.radioluna.it\/news\/wp-content\/uploads\/2017\/01\/Listener-689x458-1.jpg 689w, https:\/\/www.radioluna.it\/news\/wp-content\/uploads\/2017\/01\/Listener-689x458-1-300x199.jpg 300w\" sizes=\"auto, (max-width: 689px) 100vw, 689px\" \/><\/a><\/p>\n<p style=\"text-align: justify;\"><strong>SEZZE &#8211;<\/strong> Svolta nell&#8217;incidente stradale in cui \u00e8 morta Addolorata De Benedectis, una donna di Sezze investita e uccisa nel novembre del 2015 da un&#8217;auto che aveva fatto perdere le tracce. I carabinieri del Comando Provinciale di Latina, coadiuvati dal Nucleo operativo ecologico di Roma e da un\u2019unit\u00e0 cinofila in servizio presso la stazione carabinieri di Borgo Piave \u00a0hanno arrestato il pirata della strada e hanno indagato a piede libero altre due persone, tra cui un rottamatore accusate di favoreggiamento personale. \u00a0I provvedimenti di misura cautelare (1 ai domiciliari e 2 obblighi di polizia giudiziaria), sono stati emessi dal Gip del Tribunale di Latina Laura Matilde Campoli, nei confronti dei tre accusati di Omicidio stradale\u00a0e inottemperanza agli obblighi di assistenza in caso di incidente, e gli altri due di favoreggiamento personale.<\/p>\n<p align=\"JUSTIFY\">In manette \u00e8 finito Mauro Leggeri, 27enne di Sezze che guidava la Fiat Uno bianca, sprovvista di assicurazione, di propriet\u00e0 della madre, e sulla via Variante di Sezze a velocit\u00e0 elevata, in un tratto scarsamente illuminato ed in leggera pendenza, ha investito Addolorata De Benedectis <b>, <\/b>che stava rientrando a casa. Il 27enne \u00e8 poi fuggito senza prestare soccorso all\u2019anziana. Obblighi di polizia giudiziaria per\u00a0<b>A. T. <\/b>26enne, compagna di Leggeri, che ha\u00a0fornito false testimonianze per fornire un alibi a Leggeri e per\u00a0<b>R. E.<\/b>, 53enne, gestore di un \u201ccentro raccolta veicoli\u201d di Maenza che, anche se consapevole della provenienza del veicolo coinvolto nel sinistro mortale, l&#8217;ha comunque rottamata, per occultare le prove.<\/p>\n<p align=\"JUSTIFY\">I primi accertamenti, hanno consentito di raccogliere pochi elementi perch\u00e8 sul luogo dell\u2019incidente non sono state trovate tracce utili alle indagini. L\u2019unico spunto fornito da alcuni passanti era costituito dalle indicazioni sull\u2019auto un\u2019utilitaria di colore bianco.<\/p>\n","protected":false},"excerpt":{"rendered":"<p>SEZZE &#8211; Svolta nell&#8217;incidente stradale in cui \u00e8 morta Addolorata De Benedectis, una donna di Sezze investita e uccisa nel novembre del 2015 da un&#8217;auto che aveva fatto perdere le tracce. I carabinieri del Comando Provinciale di Latina, coadiuvati dal Nucleo operativo ecologico di Roma e da un\u2019unit\u00e0 cinofila in servizio presso la stazione carabinieri [&hellip;]<\/p>\n","protected":false},"author":60,"featured_media":188386,"comment_status":"open","ping_status":"closed","sticky":false,"template":"","format":"standard","meta":{"footnotes":""},"categories":[7],"tags":[],"class_list":["post-188385","post","type-post","status-publish","format-standard","has-post-thumbnail","hentry","category-cronaca"],"_links":{"self":[{"href":"https:\/\/www.radioluna.it\/news\/wp-json\/wp\/v2\/posts\/188385","targetHints":{"allow":["GET"]}}],"collection":[{"href":"https:\/\/www.radioluna.it\/news\/wp-json\/wp\/v2\/posts"}],"about":[{"href":"https:\/\/www.radioluna.it\/news\/wp-json\/wp\/v2\/types\/post"}],"author":[{"embeddable":true,"href":"https:\/\/www.radioluna.it\/news\/wp-json\/wp\/v2\/users\/60"}],"replies":[{"embeddable":true,"href":"https:\/\/www.radioluna.it\/news\/wp-json\/wp\/v2\/comments?post=188385"}],"version-history":[{"count":0,"href":"https:\/\/www.radioluna.it\/news\/wp-json\/wp\/v2\/posts\/188385\/revisions"}],"wp:featuredmedia":[{"embeddable":true,"href":"https:\/\/www.radioluna.it\/news\/wp-json\/wp\/v2\/media\/188386"}],"wp:attachment":[{"href":"https:\/\/www.radioluna.it\/news\/wp-json\/wp\/v2\/media?parent=188385"}],"wp:term":[{"taxonomy":"category","embeddable":true,"href":"https:\/\/www.radioluna.it\/news\/wp-json\/wp\/v2\/categories?post=188385"},{"taxonomy":"post_tag","embeddable":true,"href":"https:\/\/www.radioluna.it\/news\/wp-json\/wp\/v2\/tags?post=188385"}],"curies":[{"name":"wp","href":"https:\/\/api.w.org\/{rel}","templated":true}]}}