{"id":188395,"date":"2017-01-26T19:18:03","date_gmt":"2017-01-26T18:18:03","guid":{"rendered":"http:\/\/www.radioluna.it\/news\/?p=188395"},"modified":"2017-01-26T19:22:12","modified_gmt":"2017-01-26T18:22:12","slug":"tiberio-la-parola-ora-passa-al-tribunale-del-riesame","status":"publish","type":"post","link":"https:\/\/www.radioluna.it\/news\/2017\/01\/tiberio-la-parola-ora-passa-al-tribunale-del-riesame\/","title":{"rendered":"Tiberio, la parola ora passa al Tribunale del Riesame"},"content":{"rendered":"<div id=\"fb-root\"><\/div>\n<p><a href=\"http:\/\/www.radioluna.it\/news\/wp-content\/uploads\/2017\/01\/GTA7454-689x458-1.jpg\"><img loading=\"lazy\" decoding=\"async\" class=\"aligncenter size-thumbnail wp-image-188396\" src=\"http:\/\/www.radioluna.it\/news\/wp-content\/uploads\/2017\/01\/GTA7454-689x458-1-689x458.jpg\" alt=\"\" width=\"689\" height=\"458\" srcset=\"https:\/\/www.radioluna.it\/news\/wp-content\/uploads\/2017\/01\/GTA7454-689x458-1.jpg 689w, https:\/\/www.radioluna.it\/news\/wp-content\/uploads\/2017\/01\/GTA7454-689x458-1-300x199.jpg 300w\" sizes=\"auto, (max-width: 689px) 100vw, 689px\" \/><\/a><\/p>\n<p style=\"text-align: justify;\"><strong>LATINA &#8211;<\/strong>\u00a0<span style=\"color: #333333;\"><span style=\"font-family: Georgia, 'Times New Roman', 'Bitstream Charter', Times, serif;\"><span style=\"font-size: medium;\">Ultimo atto ieri degli interrogatori di garanzia davanti al gip del Tribunale di Latina Giuseppe Cario dell&#8217;operazione Tiberio che nei giorni scorsi aveva portato all&#8217;arresto di dieci persone (quattro in carcere e sei ai domiciliari) per reati che vanno dall&#8217;associazione a delinquere alla turbativa d&#8217;asta alla corruzione. A distanza di dieci giorni dagli arresti si \u00e8 conclusa la prima fase, quella degli interrogatori di garanzia. \u00a0Due indagati, Antonio Avellino e Andrea Fabrizio sono rimasti in silenzio e si sono avvalsi della facolt\u00e0 di non rispondere davanti al magistrato, \u00a0ha parlato invece l&#8217;imprenditrice di Nettuno Alessandra Bianchi che si \u00e8 difesa sostenendo che per la gara d&#8217;appalto di Villa Prato a Sperlonga era stata invitata dal Comune insieme ad altri soggetti che come lei facevano parte di un Consorzio. I legali della donna che si trova ai domiciliari hanno chiesto la libert\u00e0 presentando anche una serie di documenti, il gip si \u00e8 preso dei giorni per decidere e dopo che arriver\u00e0 il parere del pm Valerio De Luca, scioglier\u00e0 la riserva; fino a questo momento le istanze di tutti gli indagati sono state respinte, compresa anche quella del sindaco di Sperlonga Armando Cusani mentre ha presentato una nuova richiesta l&#8217;imprenditore di Nettuno Mauro Ferrazzano che in un primo momento davanti al gip era rimasto in silenzio ma che nei giorni scorsi ha chiesto invece al pm di essere interrogato per offrire a quanto pare degli elementi nuovi. \u00a0Domani a Roma \u00e8 fissata l&#8217;udienza al Tribunale del Riesame con cui il collegio difensivo dell&#8217;ex presidente della Provincia cercher\u00e0 la scarcerazione per il proprio assistito che deve rispondere di turbativa d&#8217;asta e di corruzione. Secondo il gip che \u00a0ha respinto l&#8217;istanza di scarcerazione, il quadro indiziario per Armando Cusani \u00e8 rimasto immutato e sussiste il pericolo di inquinamento delle prove e reiterazione del reato.<\/span><\/span><\/span><\/p>\n","protected":false},"excerpt":{"rendered":"<p>LATINA &#8211;\u00a0Ultimo atto ieri degli interrogatori di garanzia davanti al gip del Tribunale di Latina Giuseppe Cario dell&#8217;operazione Tiberio che nei giorni scorsi aveva portato all&#8217;arresto di dieci persone (quattro in carcere e sei ai domiciliari) per reati che vanno dall&#8217;associazione a delinquere alla turbativa d&#8217;asta alla corruzione. A distanza di dieci giorni dagli arresti [&hellip;]<\/p>\n","protected":false},"author":60,"featured_media":188396,"comment_status":"open","ping_status":"closed","sticky":false,"template":"","format":"standard","meta":{"footnotes":""},"categories":[7],"tags":[],"class_list":["post-188395","post","type-post","status-publish","format-standard","has-post-thumbnail","hentry","category-cronaca"],"_links":{"self":[{"href":"https:\/\/www.radioluna.it\/news\/wp-json\/wp\/v2\/posts\/188395","targetHints":{"allow":["GET"]}}],"collection":[{"href":"https:\/\/www.radioluna.it\/news\/wp-json\/wp\/v2\/posts"}],"about":[{"href":"https:\/\/www.radioluna.it\/news\/wp-json\/wp\/v2\/types\/post"}],"author":[{"embeddable":true,"href":"https:\/\/www.radioluna.it\/news\/wp-json\/wp\/v2\/users\/60"}],"replies":[{"embeddable":true,"href":"https:\/\/www.radioluna.it\/news\/wp-json\/wp\/v2\/comments?post=188395"}],"version-history":[{"count":0,"href":"https:\/\/www.radioluna.it\/news\/wp-json\/wp\/v2\/posts\/188395\/revisions"}],"wp:featuredmedia":[{"embeddable":true,"href":"https:\/\/www.radioluna.it\/news\/wp-json\/wp\/v2\/media\/188396"}],"wp:attachment":[{"href":"https:\/\/www.radioluna.it\/news\/wp-json\/wp\/v2\/media?parent=188395"}],"wp:term":[{"taxonomy":"category","embeddable":true,"href":"https:\/\/www.radioluna.it\/news\/wp-json\/wp\/v2\/categories?post=188395"},{"taxonomy":"post_tag","embeddable":true,"href":"https:\/\/www.radioluna.it\/news\/wp-json\/wp\/v2\/tags?post=188395"}],"curies":[{"name":"wp","href":"https:\/\/api.w.org\/{rel}","templated":true}]}}