{"id":188401,"date":"2017-01-26T19:27:49","date_gmt":"2017-01-26T18:27:49","guid":{"rendered":"http:\/\/www.radioluna.it\/news\/?p=188401"},"modified":"2017-01-26T19:32:33","modified_gmt":"2017-01-26T18:32:33","slug":"top-volley-successo-alleinaudi-mattei-per-accendiamoilrispetto","status":"publish","type":"post","link":"https:\/\/www.radioluna.it\/news\/2017\/01\/top-volley-successo-alleinaudi-mattei-per-accendiamoilrispetto\/","title":{"rendered":"Top Volley: successo all&#8217;Einaudi-Mattei"},"content":{"rendered":"<div id=\"fb-root\"><\/div>\n<p style=\"text-align: justify;\"><strong> <a href=\"http:\/\/www.radioluna.it\/news\/wp-content\/uploads\/2017\/01\/16179640_1209820869113601_8620419063504397229_o.jpg\"><img loading=\"lazy\" decoding=\"async\" class=\"aligncenter wp-image-188378 size-thumbnail\" src=\"http:\/\/www.radioluna.it\/news\/wp-content\/uploads\/2017\/01\/16179640_1209820869113601_8620419063504397229_o-689x459.jpg\" width=\"689\" height=\"459\" \/><\/a><\/strong><\/p>\n<p style=\"text-align: justify;\"><strong>LATINA &#8211; Pi\u00f9 di 400 studenti all&#8217;Istituto Einaudi-Mattei di Latina presenti alla prima tappa dell&#8217;evento del progetto etico #Accendiamoilrispetto<\/strong>, organizzato nelle scuole dalla societ\u00e0 pontina in collaborazione con <strong>AbbVie<\/strong>, alla presenza del <strong>Sindaco\u00a0Damiano Coletta<\/strong> che ha introdotto l\u2019appuntamento con un discorso incentrato sul rispetto delle regole declinandolo principalmente sugli aspetti ambientali con particolare attenzione sui temi della raccolta differenziata e del riciclo, ma anche sulle norme di civilt\u00e0 all&#8217;interno di una comunit\u00e0.<\/p>\n<p style=\"text-align: justify;\"><img loading=\"lazy\" decoding=\"async\" class=\"size-medium wp-image-188375 alignleft\" src=\"http:\/\/www.radioluna.it\/news\/wp-content\/uploads\/2017\/01\/16177713_1210029055759449_2166817373196949776_o-300x200.jpg\" alt=\"\" width=\"300\" height=\"200\" \/>I ragazzi hanno partecipato all&#8217;incontro attivamente affrontato tempi importanti quali\u00a0rispetto delle regole e di conseguenza l\u2019ambiente nell&#8217;aula magna dell\u2019istituto superiore.\u00a0\u00a0I tre campioni<strong> Alessandro Fei, Daniele Sottile e Gabriele Maruotti<\/strong> hanno parlato con gli studenti raccontando anche le proprie esperienza, &#8220;<em>\u00e8 stato strano tornare sui banchi di scuola, <\/em>&#8211; afferma il capitano della squadra-<em> ci fa sempre molto piacere essere in contatto con i giovani \u00a0e con le scuole soprattutto quando si affrontano argomenti cos\u00ec importanti come il rispetto per l&#8217;ambiente. \u00a0Sono fermamente convinto che noi sportivi dobbiamo essere\u00a0<\/em><i>testimonianza di quello che vuol dire \u00a0rispetto verso il prossimo, rispetto verso gli altri perch\u00e9 nello sport soprattutto nella pallavolo senza il rispetto per il prossimo e l&#8217;aiuto dei compagni non si va da nessuna parte. Il rispetto penso che sia la \u00a0base di tutto ci\u00f2 che regge la societ\u00e0, quindi ci fa veramente tanto piacere essere parte di questo progetto organizzato da\u00a0AbbVie, speriamo che prosegua e che soprattutto \u00a0sia utile per i ragazzi per il loro futuro e il futuro di tutti&#8221;.<\/i><\/p>\n<audio class=\"wp-audio-shortcode\" id=\"audio-188401-1\" preload=\"none\" style=\"width: 100%;\" controls=\"controls\"><source type=\"audio\/mpeg\" src=\"http:\/\/www.radioluna.it\/news\/wp-content\/uploads\/2017\/01\/gabri-scuola-art.mp3?_=1\" \/><a href=\"http:\/\/www.radioluna.it\/news\/wp-content\/uploads\/2017\/01\/gabri-scuola-art.mp3\">http:\/\/www.radioluna.it\/news\/wp-content\/uploads\/2017\/01\/gabri-scuola-art.mp3<\/a><\/audio>\n<p style=\"text-align: justify;\">\u201c<em>Siamo molto felici di poter dare il nostro contributo da sportivi<\/em> &#8211; hanno spiegato i tre campioni a margine dell\u2019incontro &#8211;<em> siamo sicuri che sensibilizzare i ragazzi sia importante, per questo siamo tornati a scuola<\/em>\u201d. Presente anche <strong>Anna Rita Pelliccia, responsabile ambientale di AbbVie Italia <\/strong>che\u00a0ha fornito a tutti i presenti gli elementi che poi sono stati alla base del dibattito finale con i ragazzi: standard elevati, analisi e prevenzione dei rischi ma soprattutto rispetto delle regole, sono stati proprio questi i passaggi che hanno maggiormente incuriosito i ragazzi, senza dimenticare il Protocollo di Kioto e pi\u00f9 in generale tutte le dinamiche riguardo la riduzione degli inquinanti. Un altro importante passaggio \u00e8 sicuramente\u00a0 rappresentato dal marchio di qualit\u00e0 che certifica quando un prodotto, che si pu\u00f2 trovare in un negozio, \u00e8 stato realizzato rispettando l\u2019ambiente.<\/p>\n<p style=\"text-align: justify;\"><strong><img loading=\"lazy\" decoding=\"async\" class=\"size-medium wp-image-188377 alignleft\" src=\"http:\/\/www.radioluna.it\/news\/wp-content\/uploads\/2017\/01\/16179093_1209821679113520_8818048730060665461_o-300x200.jpg\" alt=\"\" width=\"300\" height=\"200\" \/>Ulderico Libertini e Anna Maria Acquafredda, collaboratori della dirigente scolastica Rosalba Rosaria Bianchi<\/strong> hanno salutato gli studenti in apertura, mentre <strong>Annarita Pelliccia, Serena Piciccia e Fabrizio Schiavo in compagnia di Andrea Montecalvo,<\/strong>\u00a0responsabili AbbVie, hanno invece illustrato a tutti gli studenti in aula e agli insegnanti le qualit\u00e0 dell&#8217;automobile elettrica AbbVie che permette un rispetto ambientale completo visto che \u00e8 completamente elettrica volta alla salvaguardia dell&#8217;ambiente. Mentre per la Top Volley Latina era presente anche il <strong>direttore sportivo Candido Grande, Giuseppe Baratta dell\u2019area marketing e comunicazione, che ha moderato l\u2019evento, e Paola Libralato, la fotografa ufficiale.<\/strong> Al termine dell\u2019incontro non \u00e8 mancato di certo il divertimento all&#8217;insegna dello sport, infatti i ragazzi hanno giocato a pallavolo sul campo esterno della scuola insieme ai campioni pluripremiati Fei, Sottile e Maruotti, dandosi appuntamento al PalaBianchini per la partita con il <strong>Piacenza del 5 febbraio<\/strong>. Inoltre la Top Volley ha regalato alla scuola anche palloni e biglietti per assistere alla gara di Superlega, ricordando\u00a0anche la promozione <strong>#ProgettoStudente<\/strong> che offre la possibilit\u00e0 agli studenti di poter entrare a prezzo scontato presentando al botteghino il libretto delle giustificazioni e godersi l&#8217;ottava giornata di ritorno dopo lo stop Coppa Italia.<\/p>\n","protected":false},"excerpt":{"rendered":"<p>LATINA &#8211; Pi\u00f9 di 400 studenti all&#8217;Istituto Einaudi-Mattei di Latina presenti alla prima tappa dell&#8217;evento del progetto etico #Accendiamoilrispetto, organizzato nelle scuole dalla societ\u00e0 pontina in collaborazione con AbbVie, alla presenza del Sindaco\u00a0Damiano Coletta che ha introdotto l\u2019appuntamento con un discorso incentrato sul rispetto delle regole declinandolo principalmente sugli aspetti ambientali con particolare attenzione sui [&hellip;]<\/p>\n","protected":false},"author":5430,"featured_media":188402,"comment_status":"open","ping_status":"closed","sticky":false,"template":"","format":"standard","meta":{"footnotes":""},"categories":[248],"tags":[],"class_list":["post-188401","post","type-post","status-publish","format-standard","has-post-thumbnail","hentry","category-istruzione"],"_links":{"self":[{"href":"https:\/\/www.radioluna.it\/news\/wp-json\/wp\/v2\/posts\/188401","targetHints":{"allow":["GET"]}}],"collection":[{"href":"https:\/\/www.radioluna.it\/news\/wp-json\/wp\/v2\/posts"}],"about":[{"href":"https:\/\/www.radioluna.it\/news\/wp-json\/wp\/v2\/types\/post"}],"author":[{"embeddable":true,"href":"https:\/\/www.radioluna.it\/news\/wp-json\/wp\/v2\/users\/5430"}],"replies":[{"embeddable":true,"href":"https:\/\/www.radioluna.it\/news\/wp-json\/wp\/v2\/comments?post=188401"}],"version-history":[{"count":0,"href":"https:\/\/www.radioluna.it\/news\/wp-json\/wp\/v2\/posts\/188401\/revisions"}],"wp:featuredmedia":[{"embeddable":true,"href":"https:\/\/www.radioluna.it\/news\/wp-json\/wp\/v2\/media\/188402"}],"wp:attachment":[{"href":"https:\/\/www.radioluna.it\/news\/wp-json\/wp\/v2\/media?parent=188401"}],"wp:term":[{"taxonomy":"category","embeddable":true,"href":"https:\/\/www.radioluna.it\/news\/wp-json\/wp\/v2\/categories?post=188401"},{"taxonomy":"post_tag","embeddable":true,"href":"https:\/\/www.radioluna.it\/news\/wp-json\/wp\/v2\/tags?post=188401"}],"curies":[{"name":"wp","href":"https:\/\/api.w.org\/{rel}","templated":true}]}}