{"id":188506,"date":"2017-01-30T00:51:59","date_gmt":"2017-01-29T23:51:59","guid":{"rendered":"http:\/\/www.radioluna.it\/news\/?p=188506"},"modified":"2017-01-30T00:51:59","modified_gmt":"2017-01-29T23:51:59","slug":"terracina-auto-a-fuoco-nella-notte-indaga-la-polizia","status":"publish","type":"post","link":"https:\/\/www.radioluna.it\/news\/2017\/01\/terracina-auto-a-fuoco-nella-notte-indaga-la-polizia\/","title":{"rendered":"Terracina, auto a fuoco nella notte: indaga la polizia"},"content":{"rendered":"<div id=\"fb-root\"><\/div>\n<p><a href=\"http:\/\/www.radioluna.it\/news\/wp-content\/uploads\/2017\/01\/IMG-20170129-WA0006-696x522.jpg\"><img loading=\"lazy\" decoding=\"async\" class=\"aligncenter size-thumbnail wp-image-188507\" src=\"http:\/\/www.radioluna.it\/news\/wp-content\/uploads\/2017\/01\/IMG-20170129-WA0006-696x522-689x517.jpg\" alt=\"\" width=\"689\" height=\"517\" srcset=\"https:\/\/www.radioluna.it\/news\/wp-content\/uploads\/2017\/01\/IMG-20170129-WA0006-696x522-689x517.jpg 689w, https:\/\/www.radioluna.it\/news\/wp-content\/uploads\/2017\/01\/IMG-20170129-WA0006-696x522-300x225.jpg 300w, https:\/\/www.radioluna.it\/news\/wp-content\/uploads\/2017\/01\/IMG-20170129-WA0006-696x522.jpg 696w\" sizes=\"auto, (max-width: 689px) 100vw, 689px\" \/><\/a><\/p>\n<p><strong>TERRACINA &#8211;<\/strong> Una Mercedes Classe B \u00e8 andata a fuoco nella notte in viale Europa a Terracina, le vettura di propriet\u00e0 di un comerciante era parcheggiata in una propriet\u00e0 privata. I vigili del fuoco hanno domato l&#8217;incendio, sul caso indagano gli agenti del Commissariato di Polizia di Terracina.<\/p>\n","protected":false},"excerpt":{"rendered":"<p>TERRACINA &#8211; Una Mercedes Classe B \u00e8 andata a fuoco nella notte in viale Europa a Terracina, le vettura di propriet\u00e0 di un comerciante era parcheggiata in una propriet\u00e0 privata. I vigili del fuoco hanno domato l&#8217;incendio, sul caso indagano gli agenti del Commissariato di Polizia di Terracina.<\/p>\n","protected":false},"author":60,"featured_media":188507,"comment_status":"open","ping_status":"closed","sticky":false,"template":"","format":"standard","meta":{"footnotes":""},"categories":[7],"tags":[],"class_list":["post-188506","post","type-post","status-publish","format-standard","has-post-thumbnail","hentry","category-cronaca"],"_links":{"self":[{"href":"https:\/\/www.radioluna.it\/news\/wp-json\/wp\/v2\/posts\/188506","targetHints":{"allow":["GET"]}}],"collection":[{"href":"https:\/\/www.radioluna.it\/news\/wp-json\/wp\/v2\/posts"}],"about":[{"href":"https:\/\/www.radioluna.it\/news\/wp-json\/wp\/v2\/types\/post"}],"author":[{"embeddable":true,"href":"https:\/\/www.radioluna.it\/news\/wp-json\/wp\/v2\/users\/60"}],"replies":[{"embeddable":true,"href":"https:\/\/www.radioluna.it\/news\/wp-json\/wp\/v2\/comments?post=188506"}],"version-history":[{"count":0,"href":"https:\/\/www.radioluna.it\/news\/wp-json\/wp\/v2\/posts\/188506\/revisions"}],"wp:featuredmedia":[{"embeddable":true,"href":"https:\/\/www.radioluna.it\/news\/wp-json\/wp\/v2\/media\/188507"}],"wp:attachment":[{"href":"https:\/\/www.radioluna.it\/news\/wp-json\/wp\/v2\/media?parent=188506"}],"wp:term":[{"taxonomy":"category","embeddable":true,"href":"https:\/\/www.radioluna.it\/news\/wp-json\/wp\/v2\/categories?post=188506"},{"taxonomy":"post_tag","embeddable":true,"href":"https:\/\/www.radioluna.it\/news\/wp-json\/wp\/v2\/tags?post=188506"}],"curies":[{"name":"wp","href":"https:\/\/api.w.org\/{rel}","templated":true}]}}