{"id":188508,"date":"2017-01-30T01:04:05","date_gmt":"2017-01-30T00:04:05","guid":{"rendered":"http:\/\/www.radioluna.it\/news\/?p=188508"},"modified":"2017-01-30T06:59:48","modified_gmt":"2017-01-30T05:59:48","slug":"calcio-il-latina-questa-sera-a-la-spezia","status":"publish","type":"post","link":"https:\/\/www.radioluna.it\/news\/2017\/01\/calcio-il-latina-questa-sera-a-la-spezia\/","title":{"rendered":"Calcio, il Latina questa sera a La Spezia"},"content":{"rendered":"<div id=\"fb-root\"><\/div>\n<p style=\"text-align: justify;\"><strong><a href=\"http:\/\/www.radioluna.it\/news\/wp-content\/uploads\/2017\/01\/16195691_1357883230899830_7656012665175615456_n.jpg\"><img loading=\"lazy\" decoding=\"async\" class=\"aligncenter size-thumbnail wp-image-188509\" src=\"http:\/\/www.radioluna.it\/news\/wp-content\/uploads\/2017\/01\/16195691_1357883230899830_7656012665175615456_n-689x459.jpg\" alt=\"\" width=\"689\" height=\"459\" srcset=\"https:\/\/www.radioluna.it\/news\/wp-content\/uploads\/2017\/01\/16195691_1357883230899830_7656012665175615456_n-689x459.jpg 689w, https:\/\/www.radioluna.it\/news\/wp-content\/uploads\/2017\/01\/16195691_1357883230899830_7656012665175615456_n-300x200.jpg 300w, https:\/\/www.radioluna.it\/news\/wp-content\/uploads\/2017\/01\/16195691_1357883230899830_7656012665175615456_n-768x512.jpg 768w, https:\/\/www.radioluna.it\/news\/wp-content\/uploads\/2017\/01\/16195691_1357883230899830_7656012665175615456_n-800x533.jpg 800w, https:\/\/www.radioluna.it\/news\/wp-content\/uploads\/2017\/01\/16195691_1357883230899830_7656012665175615456_n.jpg 960w\" sizes=\"auto, (max-width: 689px) 100vw, 689px\" \/><\/a>LATINA &#8211;<\/strong> &lt;Ci attende una gara sicuramente difficile. Lo Spezia \u00e8 una squadra molto ben attrezzata che non \u00e8 riuscita, finora, a marciare secondo le aspettative. Per noi \u00e8 stata una settimana particolare: dopo la vittoria contro il Verona, il mercato ha sicuramente tenuto banco ma abbiamo cercato di concentrarci sul campo e sullo Spezia&gt;.\u00a0 Parla cos\u00ec l&#8217;allenatore del Latina Vincenzo Vivarini sulla sfida di questa sera al Picco di La Spezia nel posticipo del campionato di serie B dopo la convincente vittoria contro l&#8217;Hellas Verona i nerazzurri sono alla ricerca di un altro risultato positivo per allungare la serie. In campo \u00e8 confermato che giocher\u00e0 Insigne mentre \u00e8 scontata la partenza di Boackie che andr\u00e0 allo Stella Rossa.\u00a0 Tra poche ore, dopo la sfida in Liguria, inizier\u00e0 l&#8217;attesa per il derby. &lt; So quanto sia importante per Latina quella partita\u00a0\u2013 ha spiegato \u2013\u00a0Dovremo dimostrare in campo quello che sappiamo fare. Poi Marino ha detto che verranno qui a vincere e allora vorr\u00e0 dire che noi li aspetteremo per perdere&gt;.<\/p>\n","protected":false},"excerpt":{"rendered":"<p>LATINA &#8211; &lt;Ci attende una gara sicuramente difficile. Lo Spezia \u00e8 una squadra molto ben attrezzata che non \u00e8 riuscita, finora, a marciare secondo le aspettative. Per noi \u00e8 stata una settimana particolare: dopo la vittoria contro il Verona, il mercato ha sicuramente tenuto banco ma abbiamo cercato di concentrarci sul campo e sullo Spezia&gt;.\u00a0 [&hellip;]<\/p>\n","protected":false},"author":60,"featured_media":188509,"comment_status":"open","ping_status":"closed","sticky":false,"template":"","format":"standard","meta":{"footnotes":""},"categories":[17],"tags":[],"class_list":["post-188508","post","type-post","status-publish","format-standard","has-post-thumbnail","hentry","category-sport"],"_links":{"self":[{"href":"https:\/\/www.radioluna.it\/news\/wp-json\/wp\/v2\/posts\/188508","targetHints":{"allow":["GET"]}}],"collection":[{"href":"https:\/\/www.radioluna.it\/news\/wp-json\/wp\/v2\/posts"}],"about":[{"href":"https:\/\/www.radioluna.it\/news\/wp-json\/wp\/v2\/types\/post"}],"author":[{"embeddable":true,"href":"https:\/\/www.radioluna.it\/news\/wp-json\/wp\/v2\/users\/60"}],"replies":[{"embeddable":true,"href":"https:\/\/www.radioluna.it\/news\/wp-json\/wp\/v2\/comments?post=188508"}],"version-history":[{"count":0,"href":"https:\/\/www.radioluna.it\/news\/wp-json\/wp\/v2\/posts\/188508\/revisions"}],"wp:featuredmedia":[{"embeddable":true,"href":"https:\/\/www.radioluna.it\/news\/wp-json\/wp\/v2\/media\/188509"}],"wp:attachment":[{"href":"https:\/\/www.radioluna.it\/news\/wp-json\/wp\/v2\/media?parent=188508"}],"wp:term":[{"taxonomy":"category","embeddable":true,"href":"https:\/\/www.radioluna.it\/news\/wp-json\/wp\/v2\/categories?post=188508"},{"taxonomy":"post_tag","embeddable":true,"href":"https:\/\/www.radioluna.it\/news\/wp-json\/wp\/v2\/tags?post=188508"}],"curies":[{"name":"wp","href":"https:\/\/api.w.org\/{rel}","templated":true}]}}