{"id":188562,"date":"2017-01-30T19:49:27","date_gmt":"2017-01-30T18:49:27","guid":{"rendered":"http:\/\/www.radioluna.it\/news\/?p=188562"},"modified":"2017-02-02T06:16:25","modified_gmt":"2017-02-02T05:16:25","slug":"debutta-la-terra-e-il-vento-di-sebastian-maulucci-la-prima-al-reale-di-roma-un-lungo-viaggio-ma-ne-e-valsa-la-pena","status":"publish","type":"post","link":"https:\/\/www.radioluna.it\/news\/2017\/01\/debutta-la-terra-e-il-vento-di-sebastian-maulucci-la-prima-al-reale-di-roma-un-lungo-viaggio-ma-ne-e-valsa-la-pena\/","title":{"rendered":"Debutta &#8220;La Terra e il Vento&#8221; di Sebastian Maulucci, la prima al Reale di Roma: &#8220;Un lungo viaggio, ma ne \u00e8 valsa la pena&#8221;"},"content":{"rendered":"<div id=\"fb-root\"><\/div>\n<p><iframe loading=\"lazy\" title=\"Trailer LA TERRA E IL VENTO\" width=\"740\" height=\"416\" src=\"https:\/\/www.youtube.com\/embed\/_QHAdQ5E-qw?feature=oembed\" frameborder=\"0\" allow=\"accelerometer; autoplay; clipboard-write; encrypted-media; gyroscope; picture-in-picture; web-share\" referrerpolicy=\"strict-origin-when-cross-origin\" allowfullscreen><\/iframe><\/p>\n<p style=\"text-align: justify;\"><strong>LATINA<\/strong> &#8211; Arriva al cinema &#8220;La terra e il vento&#8221; del regista di Latina Sebastian Maulucci. La prima per la critica \u00e8 sold out, stasera (luned\u00ec) al Cinema Reale di Roma dove il film sar\u00e0 presentato alle 20,30. &#8220;E&#8217; il coronamento di un lungo viaggio, cominciato nel 2013, il film \u00e8 approdato in tanti festival italiani e internazionali, ha avuto riconoscimenti e ora arriva finalmente \u00a0nelle sale cinematografiche di tutta Italia (il 2 febbraio). Lo potr\u00f2 liberare come un figlio che \u00e8 cresciuto&#8221;, racconta Maulucci che con questo primo lungometraggio ha voluto pennellare la sua generazione, tra chi \u00e8 mosso dalla voglia di lasciarsi tutto alle spalle e fuggire, \u00a0e chi, al contrario, decide di restare magari obbligato dal contesto familiare.<\/p>\n<p style=\"text-align: justify;\">Leonardo (come quel da&#8217; Vinci che progettava di dare le ali all&#8217;uomo) \u00e8 il protagonista della storia (Lorenzo Richelmy), promessa dell&#8217;alpinismo pronto a partire per il Nepal; il fratellastro Riccardo \u00e8 la sua nemesi.<\/p>\n<p style=\"text-align: justify;\">Tre lunghi anni per arrivare in sala, \u00e8 la dura vita degli emergenti:\u00a0&#8220;Ho cominciato questo film con Leonardo che guarda dal basso la vetta e vuole raggiungere la meta. Per me \u00e8 stato cos\u00ec, cominciare una scalata senza mai perdere di vista la cima. Adesso vedremo che aria tira lass\u00f9 &#8211; dice il regista \u00a0&#8211; Ma l&#8217;importante \u00e8 non perdere mai di vista gli obiettivi e crederci fino in fondo&#8221;.<\/p>\n<p style=\"text-align: justify;\">Ecco come Maulucci ci ha raccontato il film, la strada, il prossimo film e la famiglia ASCOLTA<\/p>\n<audio class=\"wp-audio-shortcode\" id=\"audio-188562-1\" preload=\"none\" style=\"width: 100%;\" controls=\"controls\"><source type=\"audio\/mpeg\" src=\"http:\/\/www.radioluna.it\/news\/wp-content\/uploads\/2017\/01\/sebastian-la-terra-e-il-vento-per-sito.mp3?_=1\" \/><a href=\"http:\/\/www.radioluna.it\/news\/wp-content\/uploads\/2017\/01\/sebastian-la-terra-e-il-vento-per-sito.mp3\">http:\/\/www.radioluna.it\/news\/wp-content\/uploads\/2017\/01\/sebastian-la-terra-e-il-vento-per-sito.mp3<\/a><\/audio>\n<p><strong>LA TERRA E IL VENTO<\/strong><\/p>\n<p>un film di<br \/>\n<strong>Sebastian Maulucci<\/strong><\/p>\n<p>con<br \/>\n<strong>Lorenzo RICHELMY<br \/>\nRobin MUGNAINI<br \/>\nLaura GIGANTE<br \/>\nChiara MARTEGIANI<br \/>\nChristiane FILANGIERI<br \/>\nMargherita VICARIO<br \/>\nBeniamino BROGI<\/strong><\/p>\n<p>e con la partecipazione straordinaria di<br \/>\n<strong>Pietro DE SILVA<\/strong> e <strong>Lina BERNARDI<\/strong><\/p>\n<p>Regia Sebastian MAULUCCI<br \/>\nSoggetto Sebastian MAULUCCI<br \/>\nSceneggiatura Sebastian MAULUCCI, Severino IULIANO<br \/>\nFotografia Paco MADDALENA<br \/>\nScenografia Daniele FRABETTI<br \/>\nCostumi Laura DI MARCO<br \/>\nMontaggio Giuseppe Pietro TORNATORE<br \/>\nSuono Vincenzo URSELLI, Edgar IACOLENNA, Florindo CIMEI<br \/>\nMusiche originali Francesco RUGGIERO<br \/>\nProdotto da Paola POPULIN<br \/>\nIn collaborazione con Mauro MAULUCCI<\/p>\n<p>&nbsp;<\/p>\n<div class=\"radio-posizionamento-telefono-in-articoli-dopo-il-contenuto-articolo radio-entity-placement\" id=\"radio-3129045736\"><div id=\"radio-305840527\" style=\"width: 300px;height: 250px;\"><a href=\"https:\/\/www.icarspa.it\/auto\/usate\/latina\/\" aria-label=\"banner aprile icar new life &#8211; auto usate latina\"><img loading=\"lazy\" decoding=\"async\" src=\"https:\/\/www.radioluna.it\/news\/wp-content\/uploads\/2026\/02\/banner-aprile-icar-new-life-auto-usate-latina.gif\" alt=\"\"  width=\"300\" height=\"250\"   \/><\/a><\/div><\/div>","protected":false},"excerpt":{"rendered":"<p>LATINA &#8211; Arriva al cinema &#8220;La terra e il vento&#8221; del regista di Latina Sebastian Maulucci. La prima per la critica \u00e8 sold out, stasera (luned\u00ec) al Cinema Reale di Roma dove il film sar\u00e0 presentato alle 20,30. &#8220;E&#8217; il coronamento di un lungo viaggio, cominciato nel 2013, il film \u00e8 approdato in tanti festival [&hellip;]<\/p>\n","protected":false},"author":62,"featured_media":188569,"comment_status":"open","ping_status":"closed","sticky":false,"template":"","format":"standard","meta":{"footnotes":""},"categories":[735,2310,2312],"tags":[],"class_list":["post-188562","post","type-post","status-publish","format-standard","has-post-thumbnail","hentry","category-attualita","category-audio","category-video"],"_links":{"self":[{"href":"https:\/\/www.radioluna.it\/news\/wp-json\/wp\/v2\/posts\/188562","targetHints":{"allow":["GET"]}}],"collection":[{"href":"https:\/\/www.radioluna.it\/news\/wp-json\/wp\/v2\/posts"}],"about":[{"href":"https:\/\/www.radioluna.it\/news\/wp-json\/wp\/v2\/types\/post"}],"author":[{"embeddable":true,"href":"https:\/\/www.radioluna.it\/news\/wp-json\/wp\/v2\/users\/62"}],"replies":[{"embeddable":true,"href":"https:\/\/www.radioluna.it\/news\/wp-json\/wp\/v2\/comments?post=188562"}],"version-history":[{"count":0,"href":"https:\/\/www.radioluna.it\/news\/wp-json\/wp\/v2\/posts\/188562\/revisions"}],"wp:featuredmedia":[{"embeddable":true,"href":"https:\/\/www.radioluna.it\/news\/wp-json\/wp\/v2\/media\/188569"}],"wp:attachment":[{"href":"https:\/\/www.radioluna.it\/news\/wp-json\/wp\/v2\/media?parent=188562"}],"wp:term":[{"taxonomy":"category","embeddable":true,"href":"https:\/\/www.radioluna.it\/news\/wp-json\/wp\/v2\/categories?post=188562"},{"taxonomy":"post_tag","embeddable":true,"href":"https:\/\/www.radioluna.it\/news\/wp-json\/wp\/v2\/tags?post=188562"}],"curies":[{"name":"wp","href":"https:\/\/api.w.org\/{rel}","templated":true}]}}