{"id":188565,"date":"2017-01-30T18:13:35","date_gmt":"2017-01-30T17:13:35","guid":{"rendered":"http:\/\/www.radioluna.it\/news\/?p=188565"},"modified":"2017-01-30T18:13:35","modified_gmt":"2017-01-30T17:13:35","slug":"il-mercato-annonario-di-latina-chiude-per-lavori-e-scontro-comune-gestori-per-la-data-di-fine-lavori-che-non-ce","status":"publish","type":"post","link":"https:\/\/www.radioluna.it\/news\/2017\/01\/il-mercato-annonario-di-latina-chiude-per-lavori-e-scontro-comune-gestori-per-la-data-di-fine-lavori-che-non-ce\/","title":{"rendered":"Il mercato annonario di Latina chiude per lavori: \u00e8 scontro Comune-gestori per la data di fine lavori che non c&#8217;\u00e8"},"content":{"rendered":"<div id=\"fb-root\"><\/div>\n<p style=\"text-align: justify;\"><img loading=\"lazy\" decoding=\"async\" class=\"aligncenter wp-image-139846 \" src=\"http:\/\/www.radioluna.it\/news\/wp-content\/uploads\/2013\/08\/mercato-annonario.jpg\" width=\"682\" height=\"511\" \/><strong>LATINA<\/strong> &#8211; Il mercato annonario di Via Don Minzoni chiuder\u00e0 per gli annunciati lavori di adeguamento alla normativa antincendio dell&#8217;ex Consorzio Agrario (che lo ospita) a partire dal 6 febbraio. &#8220;Si doveva provvedere a garantire le necessarie condizioni di sicurezza&#8221;, spiega l&#8217;assessore Felice Costanti parlando di ulteriore pesante eredit\u00e0 che piomba sulla giunta Coletta dal passato. &#8220;La chiusura provvisoria del mercato annonario di Via Don Minzoni \u00e8 urgente per rendere la struttura conforme alle prescrizioni antincendio e assicurare agli esercenti un luogo di lavoro sicuro&#8221;, aggiunge Costanti. Fin qui, tutto giusto.<\/p>\n<p style=\"text-align: justify;\">Quello che si fa fatica a capire \u00e8 invece il seguito, ovvero quello che riguarda &#8220;la mancata indicazione di una data di riapertura&#8221;. A proposito di questo infatti la spiegazione data dal Comune \u00e8 che si vogliono \u00a0 &#8220;tutelare gli operatori dall\u2019eventualit\u00e0, non auspicabile, che i lavori si protraggano oltre le tre settimane stimate&#8221;. Ma forse \u00e8 il contrario. L&#8217;indicazione di inizio e fine lavori serve infatti proprio a dettare tempi certi per il cittadino e per la pubblica amministrazione. E dunque serve anche a tutelare gli operatori dall&#8217;incertezza del &#8220;si sa quando si comincia e non si sa quando si finisce&#8221;. Non il contrario.<\/p>\n<p style=\"text-align: justify;\">Deve invece bastare a chi vive della vendita dei propri prodotti o comunque di commercio al dettaglio che &#8220;l\u2019Amministrazione, anche attraverso il dirigente del settore Attivit\u00e0 Produttive Aldo Doria, comunicher\u00e0 lo stato di avanzamento dei lavori facendo il possibile per rendere minimo il disagio degli operatori\u00bb. A chi \u00e8 preoccupato di perdere i propri clienti, invece Costanti assicura che &#8220;a lavori conclusi sar\u00e0 nostra cura dare la massima evidenza alla riapertura del mercato cosicch\u00e9 i commercianti possano ritrovare la loro clientela di fiducia&#8221;.<\/p>\n","protected":false},"excerpt":{"rendered":"<p>LATINA &#8211; Il mercato annonario di Via Don Minzoni chiuder\u00e0 per gli annunciati lavori di adeguamento alla normativa antincendio dell&#8217;ex Consorzio Agrario (che lo ospita) a partire dal 6 febbraio. &#8220;Si doveva provvedere a garantire le necessarie condizioni di sicurezza&#8221;, spiega l&#8217;assessore Felice Costanti parlando di ulteriore pesante eredit\u00e0 che piomba sulla giunta Coletta dal [&hellip;]<\/p>\n","protected":false},"author":62,"featured_media":0,"comment_status":"open","ping_status":"closed","sticky":false,"template":"","format":"standard","meta":{"footnotes":""},"categories":[7],"tags":[],"class_list":["post-188565","post","type-post","status-publish","format-standard","hentry","category-cronaca"],"_links":{"self":[{"href":"https:\/\/www.radioluna.it\/news\/wp-json\/wp\/v2\/posts\/188565","targetHints":{"allow":["GET"]}}],"collection":[{"href":"https:\/\/www.radioluna.it\/news\/wp-json\/wp\/v2\/posts"}],"about":[{"href":"https:\/\/www.radioluna.it\/news\/wp-json\/wp\/v2\/types\/post"}],"author":[{"embeddable":true,"href":"https:\/\/www.radioluna.it\/news\/wp-json\/wp\/v2\/users\/62"}],"replies":[{"embeddable":true,"href":"https:\/\/www.radioluna.it\/news\/wp-json\/wp\/v2\/comments?post=188565"}],"version-history":[{"count":0,"href":"https:\/\/www.radioluna.it\/news\/wp-json\/wp\/v2\/posts\/188565\/revisions"}],"wp:attachment":[{"href":"https:\/\/www.radioluna.it\/news\/wp-json\/wp\/v2\/media?parent=188565"}],"wp:term":[{"taxonomy":"category","embeddable":true,"href":"https:\/\/www.radioluna.it\/news\/wp-json\/wp\/v2\/categories?post=188565"},{"taxonomy":"post_tag","embeddable":true,"href":"https:\/\/www.radioluna.it\/news\/wp-json\/wp\/v2\/tags?post=188565"}],"curies":[{"name":"wp","href":"https:\/\/api.w.org\/{rel}","templated":true}]}}