{"id":188722,"date":"2017-02-02T13:56:17","date_gmt":"2017-02-02T12:56:17","guid":{"rendered":"http:\/\/www.radioluna.it\/news\/?p=188722"},"modified":"2017-02-02T13:56:17","modified_gmt":"2017-02-02T12:56:17","slug":"il-capolemole-di-carpineti-e-da-premio-raccontiamo-una-grande-storia-che-si-intreccia-con-lavvenire","status":"publish","type":"post","link":"https:\/\/www.radioluna.it\/news\/2017\/02\/il-capolemole-di-carpineti-e-da-premio-raccontiamo-una-grande-storia-che-si-intreccia-con-lavvenire\/","title":{"rendered":"Il Capolemole di Carpineti \u00e8 da premio: &#8220;Raccontiamo una grande storia che si intreccia con l\u2019avvenire&#8221;"},"content":{"rendered":"<div id=\"fb-root\"><\/div>\n<p style=\"text-align: justify;\"><img loading=\"lazy\" decoding=\"async\" class=\"aligncenter size-thumbnail wp-image-188723\" src=\"http:\/\/www.radioluna.it\/news\/wp-content\/uploads\/2017\/02\/paolo-carpineti-mill\u00e9sime-bio-2017-1-689x689.jpg\" alt=\"\" width=\"689\" height=\"689\" srcset=\"https:\/\/www.radioluna.it\/news\/wp-content\/uploads\/2017\/02\/paolo-carpineti-mill\u00e9sime-bio-2017-1-689x689.jpg 689w, https:\/\/www.radioluna.it\/news\/wp-content\/uploads\/2017\/02\/paolo-carpineti-mill\u00e9sime-bio-2017-1-300x300.jpg 300w, https:\/\/www.radioluna.it\/news\/wp-content\/uploads\/2017\/02\/paolo-carpineti-mill\u00e9sime-bio-2017-1-768x768.jpg 768w, https:\/\/www.radioluna.it\/news\/wp-content\/uploads\/2017\/02\/paolo-carpineti-mill\u00e9sime-bio-2017-1-50x50.jpg 50w, https:\/\/www.radioluna.it\/news\/wp-content\/uploads\/2017\/02\/paolo-carpineti-mill\u00e9sime-bio-2017-1-800x800.jpg 800w, https:\/\/www.radioluna.it\/news\/wp-content\/uploads\/2017\/02\/paolo-carpineti-mill\u00e9sime-bio-2017-1.jpg 1000w\" sizes=\"auto, (max-width: 689px) 100vw, 689px\" \/><strong>CORI<\/strong> &#8211;\u00a0L\u2019Azienda Agricola Biologica Marco Carpineti di Cori ha conquistato la medaglia di bronzo col Capolemole Rosso 2014 al Challenge Mill\u00e9sime Bio 2017, il concorso ufficiale del XXIV Mill\u00e9sime Bio, il salone mondiale del vino da agricoltura biologica che si \u00e8 appena svolto all\u2019Exhibition Centre di Marsiglia. Oltre 1.400 le cantine da tutto il mondo e una giuria di esponenti di rilievo del settore enologico ha valutato e premiato i migliori vini e spumanti biologici. Il Capolemole Rosso 2014 \u00e8 un IGP Lazio rosso ottenuto da uve biologiche, per lo pi\u00f9 Nero Buono di Cori.<br \/>\n\u201cQuesto riconoscimento rappresenta un elogio della qualit\u00e0 delle produzioni biologiche nostrane \u2013 commentano dall\u2019Azienda Marco Carpineti &#8211; ma serve anche a puntare i riflettori sulle piccole eccellenze italiane che hanno deciso di non rinnegare le proprie radici. \u00c8 un messaggio di continuit\u00e0 tra passato e futuro quello che vogliamo trasmettere attraverso i nostri vini biologici, che narrano di terre antiche, di vitigni autoctoni e di un prodotto che, da secoli, si trova sulle tavole dei Romani. Una grande storia che si intreccia con l\u2019avvenire, con l\u2019uso intelligente e misurato della scienza e della tecnologia al servizio della ricerca&#8221;.<\/p>\n","protected":false},"excerpt":{"rendered":"<p>CORI &#8211;\u00a0L\u2019Azienda Agricola Biologica Marco Carpineti di Cori ha conquistato la medaglia di bronzo col Capolemole Rosso 2014 al Challenge Mill\u00e9sime Bio 2017, il concorso ufficiale del XXIV Mill\u00e9sime Bio, il salone mondiale del vino da agricoltura biologica che si \u00e8 appena svolto all\u2019Exhibition Centre di Marsiglia. Oltre 1.400 le cantine da tutto il mondo [&hellip;]<\/p>\n","protected":false},"author":60,"featured_media":188723,"comment_status":"open","ping_status":"closed","sticky":false,"template":"","format":"standard","meta":{"footnotes":""},"categories":[11],"tags":[],"class_list":["post-188722","post","type-post","status-publish","format-standard","has-post-thumbnail","hentry","category-economia"],"_links":{"self":[{"href":"https:\/\/www.radioluna.it\/news\/wp-json\/wp\/v2\/posts\/188722","targetHints":{"allow":["GET"]}}],"collection":[{"href":"https:\/\/www.radioluna.it\/news\/wp-json\/wp\/v2\/posts"}],"about":[{"href":"https:\/\/www.radioluna.it\/news\/wp-json\/wp\/v2\/types\/post"}],"author":[{"embeddable":true,"href":"https:\/\/www.radioluna.it\/news\/wp-json\/wp\/v2\/users\/60"}],"replies":[{"embeddable":true,"href":"https:\/\/www.radioluna.it\/news\/wp-json\/wp\/v2\/comments?post=188722"}],"version-history":[{"count":0,"href":"https:\/\/www.radioluna.it\/news\/wp-json\/wp\/v2\/posts\/188722\/revisions"}],"wp:featuredmedia":[{"embeddable":true,"href":"https:\/\/www.radioluna.it\/news\/wp-json\/wp\/v2\/media\/188723"}],"wp:attachment":[{"href":"https:\/\/www.radioluna.it\/news\/wp-json\/wp\/v2\/media?parent=188722"}],"wp:term":[{"taxonomy":"category","embeddable":true,"href":"https:\/\/www.radioluna.it\/news\/wp-json\/wp\/v2\/categories?post=188722"},{"taxonomy":"post_tag","embeddable":true,"href":"https:\/\/www.radioluna.it\/news\/wp-json\/wp\/v2\/tags?post=188722"}],"curies":[{"name":"wp","href":"https:\/\/api.w.org\/{rel}","templated":true}]}}