{"id":188783,"date":"2017-02-03T18:17:26","date_gmt":"2017-02-03T17:17:26","guid":{"rendered":"http:\/\/www.radioluna.it\/news\/?p=188783"},"modified":"2017-02-03T23:34:45","modified_gmt":"2017-02-03T22:34:45","slug":"giustizia-dopo-le-elezioni-annullate-le-toghe-si-appellano-al-parlamento","status":"publish","type":"post","link":"https:\/\/www.radioluna.it\/news\/2017\/02\/giustizia-dopo-le-elezioni-annullate-le-toghe-si-appellano-al-parlamento\/","title":{"rendered":"Giustizia dopo le elezioni annullate, le toghe si appellano al Parlamento"},"content":{"rendered":"<div id=\"fb-root\"><\/div>\n<p style=\"text-align: justify;\"><img loading=\"lazy\" decoding=\"async\" class=\"aligncenter size-thumbnail wp-image-188785\" src=\"http:\/\/www.radioluna.it\/news\/wp-content\/uploads\/2017\/02\/con-stampa-avvocati-1-689x517.jpg\" alt=\"\" width=\"689\" height=\"517\" srcset=\"https:\/\/www.radioluna.it\/news\/wp-content\/uploads\/2017\/02\/con-stampa-avvocati-1-689x517.jpg 689w, https:\/\/www.radioluna.it\/news\/wp-content\/uploads\/2017\/02\/con-stampa-avvocati-1-300x225.jpg 300w, https:\/\/www.radioluna.it\/news\/wp-content\/uploads\/2017\/02\/con-stampa-avvocati-1-768x576.jpg 768w, https:\/\/www.radioluna.it\/news\/wp-content\/uploads\/2017\/02\/con-stampa-avvocati-1-800x600.jpg 800w, https:\/\/www.radioluna.it\/news\/wp-content\/uploads\/2017\/02\/con-stampa-avvocati-1.jpg 1000w\" sizes=\"auto, (max-width: 689px) 100vw, 689px\" \/><strong>LATINA &#8211;<\/strong> Dagli uffici di piazza Bruno Buozzi parte l&#8217;appello\u00a0al Parlamento affinch\u00e9 la legge elettorale per le elezioni dei componenti dei consigli degli ordini circondariali forensi sia approvata nel pi\u00f9 breve tempo possibile. Dopo che la Cassazione ha annullato l&#8217;elezione di due anni fa di Gianni Lauretti e della sua lista che aveva battuto il concorrente Dino Lucchetti, oggi nella sede dell&#8217;Ordine degli Avvocati di Latina le toghe hanno incontrato la stampa. Latina non \u00e8 un caso isolato. Anche a Bari le elezioni sono state annullate, ma non \u00e8 finita: in tutta Italia ci sono altri ricorsi. Il regolamento che \u00e8 stato impugnato e che ha portato all&#8217;annullamento delle elezioni \u00e8 stato ritenuto illegittimo perch\u00e9 non rispettoso delle minoranze e della parit\u00e0. A Latina dopo l&#8217;annullamento e la doccia fredda dei giorni scorsi, a breve \u00e8 previsto il commissariamento e la nomina arriver\u00e0 dal Ministero della Giustizia su indicazione del Consiglio Nazionale Forense. L&#8217;avvocato Gianni Lauretti che era stato eletto presidente due anni fa, oggi ha ribadito alcuni punti del suo mandato che si ferma a met\u00e0, a partire dall&#8217;inizio dell&#8217;attivit\u00e0 concisa con la bufera giudiziaria dei fallimenti pilotati in Tribunale. &lt;Ci siamo impegnati come Ordine a migliorare prima di tutto \u00a0la trasparenza degli incarichi professionali nei fallimenti, a seguire ci siamo occupati del rinnovo del sito, abbiamo realizzato uno sportello, con sede nelle adiacenze della cancelleria civile, per il processo civile telematico&gt;. Non \u00e8 mancata anche una certa preoccupazione da parte degli avvocati per le conseguenze\u00a0sul funzionamento dei servizi verso l&#8217;utenza.<\/p>\n<p>&nbsp;<\/p>\n<p>&nbsp;<\/p>\n<p>&nbsp;<\/p>\n","protected":false},"excerpt":{"rendered":"<p>LATINA &#8211; Dagli uffici di piazza Bruno Buozzi parte l&#8217;appello\u00a0al Parlamento affinch\u00e9 la legge elettorale per le elezioni dei componenti dei consigli degli ordini circondariali forensi sia approvata nel pi\u00f9 breve tempo possibile. Dopo che la Cassazione ha annullato l&#8217;elezione di due anni fa di Gianni Lauretti e della sua lista che aveva battuto il [&hellip;]<\/p>\n","protected":false},"author":60,"featured_media":188785,"comment_status":"open","ping_status":"closed","sticky":false,"template":"","format":"standard","meta":{"footnotes":""},"categories":[7],"tags":[],"class_list":["post-188783","post","type-post","status-publish","format-standard","has-post-thumbnail","hentry","category-cronaca"],"_links":{"self":[{"href":"https:\/\/www.radioluna.it\/news\/wp-json\/wp\/v2\/posts\/188783","targetHints":{"allow":["GET"]}}],"collection":[{"href":"https:\/\/www.radioluna.it\/news\/wp-json\/wp\/v2\/posts"}],"about":[{"href":"https:\/\/www.radioluna.it\/news\/wp-json\/wp\/v2\/types\/post"}],"author":[{"embeddable":true,"href":"https:\/\/www.radioluna.it\/news\/wp-json\/wp\/v2\/users\/60"}],"replies":[{"embeddable":true,"href":"https:\/\/www.radioluna.it\/news\/wp-json\/wp\/v2\/comments?post=188783"}],"version-history":[{"count":0,"href":"https:\/\/www.radioluna.it\/news\/wp-json\/wp\/v2\/posts\/188783\/revisions"}],"wp:featuredmedia":[{"embeddable":true,"href":"https:\/\/www.radioluna.it\/news\/wp-json\/wp\/v2\/media\/188785"}],"wp:attachment":[{"href":"https:\/\/www.radioluna.it\/news\/wp-json\/wp\/v2\/media?parent=188783"}],"wp:term":[{"taxonomy":"category","embeddable":true,"href":"https:\/\/www.radioluna.it\/news\/wp-json\/wp\/v2\/categories?post=188783"},{"taxonomy":"post_tag","embeddable":true,"href":"https:\/\/www.radioluna.it\/news\/wp-json\/wp\/v2\/tags?post=188783"}],"curies":[{"name":"wp","href":"https:\/\/api.w.org\/{rel}","templated":true}]}}