{"id":188838,"date":"2017-02-05T16:02:06","date_gmt":"2017-02-05T15:02:06","guid":{"rendered":"http:\/\/www.radioluna.it\/news\/?p=188838"},"modified":"2017-02-05T16:02:06","modified_gmt":"2017-02-05T15:02:06","slug":"difficile-trasferta-a-biella-per-la-benacquista-basket","status":"publish","type":"post","link":"https:\/\/www.radioluna.it\/news\/2017\/02\/difficile-trasferta-a-biella-per-la-benacquista-basket\/","title":{"rendered":"Difficile trasferta a Biella per la Benacquista Basket"},"content":{"rendered":"<div id=\"fb-root\"><\/div>\n<p style=\"text-align: justify\">LATINA- \u00a0Difficile trasferta per i ragazzi della Benacquista Assicurazioni Latina Basket sul campo della capolista Angelico Biella in programma oggi domenica 5 febbraio alle 18.00 al Biella Forum con <em>coach<\/em> Gramenzi che deve ancora fare a meno di Roberto Rullo bloccato da infortunio.<\/p>\n<p style=\"text-align: justify\"><img loading=\"lazy\" decoding=\"async\" class=\"size-medium wp-image-188848 alignleft\" src=\"http:\/\/www.radioluna.it\/news\/wp-content\/uploads\/2017\/02\/giuseppe-di-manno-1170x650-300x167.jpg\" alt=\"\" width=\"300\" height=\"167\" srcset=\"https:\/\/www.radioluna.it\/news\/wp-content\/uploads\/2017\/02\/giuseppe-di-manno-1170x650-300x167.jpg 300w, https:\/\/www.radioluna.it\/news\/wp-content\/uploads\/2017\/02\/giuseppe-di-manno-1170x650-689x383.jpg 689w, https:\/\/www.radioluna.it\/news\/wp-content\/uploads\/2017\/02\/giuseppe-di-manno-1170x650-768x427.jpg 768w, https:\/\/www.radioluna.it\/news\/wp-content\/uploads\/2017\/02\/giuseppe-di-manno-1170x650-800x445.jpg 800w, https:\/\/www.radioluna.it\/news\/wp-content\/uploads\/2017\/02\/giuseppe-di-manno-1170x650.jpg 1000w\" sizes=\"auto, (max-width: 300px) 100vw, 300px\" \/>La formazione piemontese \u00e8 da sola in vetta alla classifica del girone Ovest con 28 punti e reduce da tre importanti vittorie, una in casa con Reggio Calabria, le altre due in trasferta sul campo di Agrigento e Roma. Anche la compagine nerazzurra sta vivendo un momento positivo grazie alle 5 vittorie conquistate nelle ultime 6 gare disputate, che le hanno permesso di raggiungere quota 22 punti in classifica. La partita dell\u2019andata disputata al PalaBianchini il 30 ottobre aveva sorriso all\u2019Angelico con il risultato finale di 82-90. Il\u00a0vice allenatore della Benacquista Basket <strong>Giuseppe Di Manno<\/strong> evidenzia le peculiarit\u00e0 dell\u2019avversario &#8220;<em>Biella \u00e8 meritatamente in testa alla classifica, non ha mai perso in casa ed \u00e8 reduce da due splendide vittorie ad Agrigento e Roma in cui ha sempre condotto la gara e nel finale \u00e8 riuscita a chiuderla grazie alla classe di Ferguson e Hall. La coppia di americani si sta dimostrando la migliore del campionato e riesce a esaltare anche le qualit\u00e0 dell\u2019ottimo gruppo di giovani giocatori italiani a iniziare da De Vico che, nonostante la giovane et\u00e0 si sta confermando un giocatore molto importante per la categoria, cos\u00ec come Tessitori. L\u2019affidabilit\u00e0 in regia di Venuto e l\u2019atletismo di Udom e Wheatle completano il roster costruito da coach Carrea, che sta dimostrando di meritare il primato in classifica. Giocare in un campo importante come quello di Biella \u00e8 sicuramente uno stimolo a fare bene. Servir\u00e0 una grande prova su entrambi i lati del campo per poter competere con la prima della classe<\/em>&#8220;.<\/p>\n<p style=\"text-align: justify\"><img loading=\"lazy\" decoding=\"async\" class=\"size-medium wp-image-188849 alignleft\" src=\"http:\/\/www.radioluna.it\/news\/wp-content\/uploads\/2017\/02\/uglietti-300x200.jpg\" alt=\"\" width=\"300\" height=\"200\" srcset=\"https:\/\/www.radioluna.it\/news\/wp-content\/uploads\/2017\/02\/uglietti-300x200.jpg 300w, https:\/\/www.radioluna.it\/news\/wp-content\/uploads\/2017\/02\/uglietti-689x459.jpg 689w, https:\/\/www.radioluna.it\/news\/wp-content\/uploads\/2017\/02\/uglietti-768x512.jpg 768w, https:\/\/www.radioluna.it\/news\/wp-content\/uploads\/2017\/02\/uglietti-800x533.jpg 800w, https:\/\/www.radioluna.it\/news\/wp-content\/uploads\/2017\/02\/uglietti.jpg 960w\" sizes=\"auto, (max-width: 300px) 100vw, 300px\" \/>Le parole del <strong>capitano nerazzurro Lorenzo Uglietti<\/strong> prima della gara sullo storico campo dell&#8217;Angelico Biella,\u00a0mostra serenit\u00e0 ma resta consapevolezza delle possibilit\u00e0 della sua squadra pronta ad affrontare la prima della classe lottando su ogni pallone &#8220;<em>Stiamo vivendo un periodo positivo e sicuramente la partita a Biella non \u00e8 la pi\u00f9 indicata per cavalcare questo bel momento, perch\u00e9 \u00e8 senza dubbio una trasferta difficilissima. Noi, per\u00f2, grazie alle recenti vittorie, abbiamo maturato la convinzione di poter fare il nostro, ci alleniamo bene, siamo coesi, i successi conquistati hanno portano serenit\u00e0, che a sua volta permette di vivere in un bell&#8217;ambiente\u00a0creato dalla minore pressione e maggiore tranquillit\u00e0 anche da parte della societ\u00e0. Ovviamente, dobbiamo continuare a lavorare senza adagiarci, mantenendo l\u2019umilt\u00e0 e soprattutto unendoci sempre di pi\u00f9 tra di noi. Ci saranno molte differenze rispetto alla partita dell\u2019andata in cui abbiamo subito molto l\u2019avversario in alcune particolari situazioni di gioco, anche perch\u00e9 Biella in casa gioca una pallacanestro diversa, \u00e8 sostenuta dal pubblico e gioca, da sempre, con grande tranquillit\u00e0 e fluidit\u00e0. Sar\u00e0 sicuramente una gara dura, ma andremo al Forum per giocare la nostra partita, lottare fino alla fine puntando a rimanere concentrati dal primo all&#8217;ultimo\u00a0minuto, perch\u00e9 anche una minima distrazione pu\u00f2 incidere molto sull&#8217;andamento\u00a0della gara<\/em>&#8220;.<\/p>\n","protected":false},"excerpt":{"rendered":"<p>LATINA- \u00a0Difficile trasferta per i ragazzi della Benacquista Assicurazioni Latina Basket sul campo della capolista Angelico Biella in programma oggi domenica 5 febbraio alle 18.00 al Biella Forum con coach Gramenzi che deve ancora fare a meno di Roberto Rullo bloccato da infortunio. La formazione piemontese \u00e8 da sola in vetta alla classifica del girone [&hellip;]<\/p>\n","protected":false},"author":5430,"featured_media":188850,"comment_status":"open","ping_status":"closed","sticky":false,"template":"","format":"standard","meta":{"footnotes":""},"categories":[17],"tags":[],"class_list":["post-188838","post","type-post","status-publish","format-standard","has-post-thumbnail","hentry","category-sport"],"_links":{"self":[{"href":"https:\/\/www.radioluna.it\/news\/wp-json\/wp\/v2\/posts\/188838","targetHints":{"allow":["GET"]}}],"collection":[{"href":"https:\/\/www.radioluna.it\/news\/wp-json\/wp\/v2\/posts"}],"about":[{"href":"https:\/\/www.radioluna.it\/news\/wp-json\/wp\/v2\/types\/post"}],"author":[{"embeddable":true,"href":"https:\/\/www.radioluna.it\/news\/wp-json\/wp\/v2\/users\/5430"}],"replies":[{"embeddable":true,"href":"https:\/\/www.radioluna.it\/news\/wp-json\/wp\/v2\/comments?post=188838"}],"version-history":[{"count":0,"href":"https:\/\/www.radioluna.it\/news\/wp-json\/wp\/v2\/posts\/188838\/revisions"}],"wp:featuredmedia":[{"embeddable":true,"href":"https:\/\/www.radioluna.it\/news\/wp-json\/wp\/v2\/media\/188850"}],"wp:attachment":[{"href":"https:\/\/www.radioluna.it\/news\/wp-json\/wp\/v2\/media?parent=188838"}],"wp:term":[{"taxonomy":"category","embeddable":true,"href":"https:\/\/www.radioluna.it\/news\/wp-json\/wp\/v2\/categories?post=188838"},{"taxonomy":"post_tag","embeddable":true,"href":"https:\/\/www.radioluna.it\/news\/wp-json\/wp\/v2\/tags?post=188838"}],"curies":[{"name":"wp","href":"https:\/\/api.w.org\/{rel}","templated":true}]}}