{"id":189100,"date":"2017-02-09T20:23:29","date_gmt":"2017-02-09T19:23:29","guid":{"rendered":"http:\/\/www.radioluna.it\/news\/?p=189100"},"modified":"2017-02-10T14:54:05","modified_gmt":"2017-02-10T13:54:05","slug":"caos-nel-latina-calcio-si-dimette-il-presidente-ferullo","status":"publish","type":"post","link":"https:\/\/www.radioluna.it\/news\/2017\/02\/caos-nel-latina-calcio-si-dimette-il-presidente-ferullo\/","title":{"rendered":"Caos nel Latina Calcio, si dimette il presidente Angelo Ferullo, al suo posto Benedetto Mancini"},"content":{"rendered":"<div id=\"fb-root\"><\/div>\n<p><a href=\"http:\/\/www.radioluna.it\/news\/wp-content\/uploads\/2017\/01\/angelo-ferullo-presidente-Latina-Calcio.jpg\"><img loading=\"lazy\" decoding=\"async\" class=\"aligncenter size-thumbnail wp-image-187129\" src=\"http:\/\/www.radioluna.it\/news\/wp-content\/uploads\/2017\/01\/angelo-ferullo-presidente-Latina-Calcio-689x458.jpg\" alt=\"\" width=\"689\" height=\"458\" srcset=\"https:\/\/www.radioluna.it\/news\/wp-content\/uploads\/2017\/01\/angelo-ferullo-presidente-Latina-Calcio-689x458.jpg 689w, https:\/\/www.radioluna.it\/news\/wp-content\/uploads\/2017\/01\/angelo-ferullo-presidente-Latina-Calcio-300x200.jpg 300w, https:\/\/www.radioluna.it\/news\/wp-content\/uploads\/2017\/01\/angelo-ferullo-presidente-Latina-Calcio-768x511.jpg 768w, https:\/\/www.radioluna.it\/news\/wp-content\/uploads\/2017\/01\/angelo-ferullo-presidente-Latina-Calcio.jpg 800w\" sizes=\"auto, (max-width: 689px) 100vw, 689px\" \/><\/a><\/p>\n<p style=\"text-align: justify;\"><strong>LATINA &#8211;<\/strong>\u00a0Caos nel Latina Calcio, \u00e8 durata meno di 50 giorni la presidenza dell&#8217;imprenditore di Anzio Angelo Ferullo al vertice della societ\u00e0 che si \u00e8 dimesso. La societ\u00e0 ha inviato una nota: &lt;L\u2019US Latina Calcio rende noto che Angelo Ferullo, al fine di consentire &#8211; in un momento cos\u00ec delicato &#8211; la concentrazione e l\u2019unicit\u00e0 delle attivit\u00e0 amministrative, di rappresentanza nonch\u00e9 di quelle societarie in favore di un unico soggetto, ha rassegnato le proprie dimissioni dalla carica di presidente. A seguito di ci\u00f2, ha assunto la presidenza dell\u2019US Latina Calcio il signor Benedetto Mancini il quale ha inteso ringraziare Angelo Ferullo per l\u2019attivit\u00e0 sino ad ora svolta rassicurando al contempo dirigenti, squadra e tifoseria sul futuro della societ\u00e0 per la quale sta alacremente e proficuamente lavorando. Domani (venerd\u00ec 10 febbraio) alle ore 14.30 il nuovo presidente dell\u2019US Latina Calcio, Benedetto Mancini, sar\u00e0 a disposizione dei giornalisti in conferenza &#8211; nella sala stampa dello stadio Francioni \u2013 per comunicare in maniera approfondita le ragioni del cambio alla guida del club&gt;.<\/p>\n<p style=\"text-align: justify;\">La situazione del Latina \u00e8 molto complicata ed estremamente critica: il 16 febbraio in Tribunale a Latina \u00e8 fissata l&#8217;udienza pre-fallimentare della societ\u00e0 che ha oltre dieci milioni di euro di debiti con il Comune e l&#8217;Erario e nei giorni scorsi sono stati pignorati anche 500mila euro, i soldi incassati dalla cessione di Scaglia al Parma in Lega Pro. Intanto domani pomeriggio i nerazzurri saranno di scena al Vigorito di Benevento in una partita molto difficile dopo la sconfitta nel derby e dove mancher\u00e0 in difesa Garcia Tena.<\/p>\n","protected":false},"excerpt":{"rendered":"<p>LATINA &#8211;\u00a0Caos nel Latina Calcio, \u00e8 durata meno di 50 giorni la presidenza dell&#8217;imprenditore di Anzio Angelo Ferullo al vertice della societ\u00e0 che si \u00e8 dimesso. La societ\u00e0 ha inviato una nota: &lt;L\u2019US Latina Calcio rende noto che Angelo Ferullo, al fine di consentire &#8211; in un momento cos\u00ec delicato &#8211; la concentrazione e l\u2019unicit\u00e0 [&hellip;]<\/p>\n","protected":false},"author":60,"featured_media":187129,"comment_status":"open","ping_status":"closed","sticky":false,"template":"","format":"standard","meta":{"footnotes":""},"categories":[17],"tags":[],"class_list":["post-189100","post","type-post","status-publish","format-standard","has-post-thumbnail","hentry","category-sport"],"_links":{"self":[{"href":"https:\/\/www.radioluna.it\/news\/wp-json\/wp\/v2\/posts\/189100","targetHints":{"allow":["GET"]}}],"collection":[{"href":"https:\/\/www.radioluna.it\/news\/wp-json\/wp\/v2\/posts"}],"about":[{"href":"https:\/\/www.radioluna.it\/news\/wp-json\/wp\/v2\/types\/post"}],"author":[{"embeddable":true,"href":"https:\/\/www.radioluna.it\/news\/wp-json\/wp\/v2\/users\/60"}],"replies":[{"embeddable":true,"href":"https:\/\/www.radioluna.it\/news\/wp-json\/wp\/v2\/comments?post=189100"}],"version-history":[{"count":0,"href":"https:\/\/www.radioluna.it\/news\/wp-json\/wp\/v2\/posts\/189100\/revisions"}],"wp:featuredmedia":[{"embeddable":true,"href":"https:\/\/www.radioluna.it\/news\/wp-json\/wp\/v2\/media\/187129"}],"wp:attachment":[{"href":"https:\/\/www.radioluna.it\/news\/wp-json\/wp\/v2\/media?parent=189100"}],"wp:term":[{"taxonomy":"category","embeddable":true,"href":"https:\/\/www.radioluna.it\/news\/wp-json\/wp\/v2\/categories?post=189100"},{"taxonomy":"post_tag","embeddable":true,"href":"https:\/\/www.radioluna.it\/news\/wp-json\/wp\/v2\/tags?post=189100"}],"curies":[{"name":"wp","href":"https:\/\/api.w.org\/{rel}","templated":true}]}}