{"id":189116,"date":"2017-02-10T11:45:09","date_gmt":"2017-02-10T10:45:09","guid":{"rendered":"http:\/\/www.radioluna.it\/news\/?p=189116"},"modified":"2021-09-30T15:59:16","modified_gmt":"2021-09-30T13:59:16","slug":"musiche-originali-per-i-terremotati-lomaggio-di-un-professionista-di-latina","status":"publish","type":"post","link":"https:\/\/www.radioluna.it\/news\/2017\/02\/musiche-originali-per-i-terremotati-lomaggio-di-un-professionista-di-latina\/","title":{"rendered":"Musiche originali per i terremotati, l&#8217;omaggio di un professionista di Latina"},"content":{"rendered":"<div id=\"fb-root\"><\/div>\n<p><iframe loading=\"lazy\" title=\"Luna Notizie - Musiche per i terremotati di Giovanni Bettin\" width=\"740\" height=\"555\" src=\"https:\/\/www.youtube.com\/embed\/GMZ0_Zmve_w?feature=oembed\" frameborder=\"0\" allow=\"accelerometer; autoplay; clipboard-write; encrypted-media; gyroscope; picture-in-picture; web-share\" referrerpolicy=\"strict-origin-when-cross-origin\" allowfullscreen><\/iframe><\/p>\n<p style=\"text-align: justify;\"><strong>LATINA<\/strong> &#8211; Ha sempre lavorato nel mondo delle costruzioni e dell&#8217;informatica, ma il suo rifugio, la sua passione \u00e8 il pianoforte che ha studiato da ragazzo e che lo accompagna da una vita. Compositore nel tempo libero, Giovanni Bettin, professionista nato a Fiume 87 anni fa, profugo giuliano arrivato a Latina nel 1980, \u00a0ha deciso di scrivere alcuni pezzi da donare simbolicamente ai terremotati.<\/p>\n<p style=\"text-align: justify;\">&#8220;In seguito ai gravi eventi sismici verificatisi nell&#8217;Italia centrale con notevoli perdite di vite umane \u00a0e importanti danni materiali &#8211; ci spiega &#8211; \u00a0mi \u00e8 venuta l&#8217;ispirazione di comporre della musica per ricordare la tragedia che tanta brava gente vive con dignit\u00e0. Non pu\u00f2 essere solo un ricordo, ma deve dare serenit\u00e0 per ricominciare con infinita dolcezza a vivere la ricostruzione ad esempio per le future generazioni. Serva questa mio modesto contributo \u00a0&#8211; dice infine rivolto ai terremotati &#8211; a darvi ancora il senso della vita e la speranza, anzi la grande certezza, che esiste ancora l&#8217;amore per il prossimo e la fede&#8221;. \u00a0La stessa fiduciosa certezza che ha guidato Bettin dopo che il padre fu infoibato il 7 luglio del 1945 poco dopo la fine della Seconda Guerra Mondiale.<\/p>\n<p style=\"text-align: justify;\">Dalla fine di \u00a0agosto ad oggi il professionista ha registrato tre cd per un totale di 12 brani e 45 minuti circa di musica dedicata alle localit\u00e0 pi\u00f9 colpite, quelle pi\u00f9 conosciute come Amatrice, Accumuli, Norcia e Farindola (Rigopiano), ma anche a Montereale, Campofelice, Penne, Sangro, Amandola, Capitignano, Petriolo, Arquata.<\/p>\n<p style=\"text-align: justify;\"><img loading=\"lazy\" decoding=\"async\" class=\"aligncenter size-full wp-image-189139\" src=\"https:\/\/www.radioluna.it\/news\/wp-content\/uploads\/2017\/02\/bettin.jpg\" alt=\"\" width=\"628\" height=\"359\" srcset=\"https:\/\/www.radioluna.it\/news\/wp-content\/uploads\/2017\/02\/bettin.jpg 628w, https:\/\/www.radioluna.it\/news\/wp-content\/uploads\/2017\/02\/bettin-300x171.jpg 300w\" sizes=\"auto, (max-width: 628px) 100vw, 628px\" \/><\/p>\n<p style=\"text-align: justify;\">\n<div class=\"radio-posizionamento-telefono-in-articoli-dopo-il-contenuto-articolo radio-entity-placement\" id=\"radio-1889355451\"><div id=\"radio-2239699142\"><a href=\"https:\/\/grupporedi.it\/\" aria-label=\"Redi-Qr\"><img loading=\"lazy\" decoding=\"async\" src=\"https:\/\/www.radioluna.it\/news\/wp-content\/uploads\/2026\/03\/Redi-Qr.jpg\" alt=\"\"  srcset=\"https:\/\/www.radioluna.it\/news\/wp-content\/uploads\/2026\/03\/Redi-Qr.jpg 800w, https:\/\/www.radioluna.it\/news\/wp-content\/uploads\/2026\/03\/Redi-Qr-768x639.jpg 768w\" sizes=\"(max-width: 800px) 100vw, 800px\" width=\"300\" height=\"250\"   \/><\/a><\/div><\/div>","protected":false},"excerpt":{"rendered":"<p>LATINA &#8211; Ha sempre lavorato nel mondo delle costruzioni e dell&#8217;informatica, ma il suo rifugio, la sua passione \u00e8 il pianoforte che ha studiato da ragazzo e che lo accompagna da una vita. Compositore nel tempo libero, Giovanni Bettin, professionista nato a Fiume 87 anni fa, profugo giuliano arrivato a Latina nel 1980, \u00a0ha deciso [&hellip;]<\/p>\n","protected":false},"author":62,"featured_media":189134,"comment_status":"open","ping_status":"closed","sticky":false,"template":"","format":"standard","meta":{"footnotes":""},"categories":[2312],"tags":[],"class_list":["post-189116","post","type-post","status-publish","format-standard","has-post-thumbnail","hentry","category-video"],"_links":{"self":[{"href":"https:\/\/www.radioluna.it\/news\/wp-json\/wp\/v2\/posts\/189116","targetHints":{"allow":["GET"]}}],"collection":[{"href":"https:\/\/www.radioluna.it\/news\/wp-json\/wp\/v2\/posts"}],"about":[{"href":"https:\/\/www.radioluna.it\/news\/wp-json\/wp\/v2\/types\/post"}],"author":[{"embeddable":true,"href":"https:\/\/www.radioluna.it\/news\/wp-json\/wp\/v2\/users\/62"}],"replies":[{"embeddable":true,"href":"https:\/\/www.radioluna.it\/news\/wp-json\/wp\/v2\/comments?post=189116"}],"version-history":[{"count":0,"href":"https:\/\/www.radioluna.it\/news\/wp-json\/wp\/v2\/posts\/189116\/revisions"}],"wp:featuredmedia":[{"embeddable":true,"href":"https:\/\/www.radioluna.it\/news\/wp-json\/wp\/v2\/media\/189134"}],"wp:attachment":[{"href":"https:\/\/www.radioluna.it\/news\/wp-json\/wp\/v2\/media?parent=189116"}],"wp:term":[{"taxonomy":"category","embeddable":true,"href":"https:\/\/www.radioluna.it\/news\/wp-json\/wp\/v2\/categories?post=189116"},{"taxonomy":"post_tag","embeddable":true,"href":"https:\/\/www.radioluna.it\/news\/wp-json\/wp\/v2\/tags?post=189116"}],"curies":[{"name":"wp","href":"https:\/\/api.w.org\/{rel}","templated":true}]}}