{"id":189133,"date":"2017-02-10T13:15:46","date_gmt":"2017-02-10T12:15:46","guid":{"rendered":"http:\/\/www.radioluna.it\/news\/?p=189133"},"modified":"2017-02-10T13:20:53","modified_gmt":"2017-02-10T12:20:53","slug":"dieci-detenuti-al-lavoro-sulle-strade-pontine-convenzione-tra-provincia-e-tribunale-di-latina","status":"publish","type":"post","link":"https:\/\/www.radioluna.it\/news\/2017\/02\/dieci-detenuti-al-lavoro-sulle-strade-pontine-convenzione-tra-provincia-e-tribunale-di-latina\/","title":{"rendered":"Dieci detenuti al lavoro sulle strade pontine: convenzione tra Provincia e Tribunale di Latina"},"content":{"rendered":"<div id=\"fb-root\"><\/div>\n<div id=\"attachment_163856\" style=\"width: 645px\" class=\"wp-caption aligncenter\"><img loading=\"lazy\" decoding=\"async\" aria-describedby=\"caption-attachment-163856\" class=\"wp-image-163856 size-thumbnail\" src=\"http:\/\/www.radioluna.it\/news\/wp-content\/uploads\/2015\/05\/eleonora-della-penna-635x357.jpg\" width=\"635\" height=\"357\" srcset=\"https:\/\/www.radioluna.it\/news\/wp-content\/uploads\/2015\/05\/eleonora-della-penna-635x357.jpg 635w, https:\/\/www.radioluna.it\/news\/wp-content\/uploads\/2015\/05\/eleonora-della-penna-768x432.jpg 768w, https:\/\/www.radioluna.it\/news\/wp-content\/uploads\/2015\/05\/eleonora-della-penna-500x281.jpg 500w, https:\/\/www.radioluna.it\/news\/wp-content\/uploads\/2015\/05\/eleonora-della-penna-300x169.jpg 300w, https:\/\/www.radioluna.it\/news\/wp-content\/uploads\/2015\/05\/eleonora-della-penna-1024x576.jpg 1024w, https:\/\/www.radioluna.it\/news\/wp-content\/uploads\/2015\/05\/eleonora-della-penna-800x450.jpg 800w, https:\/\/www.radioluna.it\/news\/wp-content\/uploads\/2015\/05\/eleonora-della-penna.jpg 1000w\" sizes=\"auto, (max-width: 635px) 100vw, 635px\" \/><p id=\"caption-attachment-163856\" class=\"wp-caption-text\">La Presidente della Provincia Eleonora Della Penna<\/p><\/div>\n<p style=\"text-align: justify;\"><strong>LATINA<\/strong> &#8211; Dieci\u00a0detenuti si occuperanno nei prossimi mesi della manutenzione delle strade provinciali. Lo faranno gratuitamente insieme ad altri lavori di supporto da svolgere presso gli uffici della Provincia di Latina. Lo prevede una convenzione firmata tra l&#8217;ente guidato da Eleonora Della Penna e il Tribunale Ordinario guidato dal giudice Catello Pandolfi.<\/p>\n<p style=\"text-align: justify;\">\u201c\u00c8 un\u2019opportunit\u00e0 alternativa al carcere, un atto di umana fiducia verso chi ha sbagliato con l\u2019obiettivo del recupero e il reinserimento nella societ\u00e0 \u2013 sottolinea la presidente Della Penna \u2013 siamo certi che la misura alternativa al carcere in alcune situazioni specifiche, in reati meno gravi, possa essere certamente utile per il detenuto e di conseguenza per la comunit\u00e0\u201d.<\/p>\n<p style=\"text-align: justify;\">Possono accedere a questa misura, le persone che sia state condannate per esempio per violazione del codice della strada o della legge sugli stupefacenti, o ancora, nel caso in cui il giudice stabilisca che la sospensione condizionale della pena \u00e8 subordinata al lavoro di pubblica utilit\u00e0.<\/p>\n<p style=\"text-align: justify;\">Si tratta in sostanza di lavorare gratuitamente per la collettivit\u00e0 (la legge prevede \u00a0per esempio nella protezione civile, per la tutela del patrimonio pubblico e ambientale o per assistere malati, anziani, minori, ex detenuti o extracomunitari) quando lo decida il giudice: &#8220;Questa attivit\u00e0 non retribuita in favore della collettivit\u00e0 sar\u00e0 svolta in conformit\u00e0 con quanto disposto nella sentenza di condanna nella quale il giudice indica il tipo e la durata del lavoro di pubblica utilit\u00e0&#8221; &#8211; spiegano dalla \u00a0Provincia di Latina \u00a0che si impegna ad assicurare il rispetto delle norme, la predisposizione delle misure necessarie a tutelare l\u2019integrit\u00e0 fisica e morale dei condannati, e garantendo ovviamente l\u2019esercizio dei fondamentali diritti umani e la dignit\u00e0 della persona.<\/p>\n<p style=\"text-align: justify;\">Il lavoro di pubblica utilit\u00e0 pu\u00f2 essere svolto presso lo Stato, le regioni, le province, i comuni o presso enti e organizzazioni di assistenza sociale o volontariato. Nel caso specifico\u00a0La convenzione avr\u00e0 la durata di un anno fino a febbraio 2018, ma sar\u00e0 rinnovata tacitamente, di anno in anno, fino alla durata massima di cinque anni, se non sar\u00e0 disdetta da una delle parti.<\/p>\n","protected":false},"excerpt":{"rendered":"<p>LATINA &#8211; Dieci\u00a0detenuti si occuperanno nei prossimi mesi della manutenzione delle strade provinciali. Lo faranno gratuitamente insieme ad altri lavori di supporto da svolgere presso gli uffici della Provincia di Latina. Lo prevede una convenzione firmata tra l&#8217;ente guidato da Eleonora Della Penna e il Tribunale Ordinario guidato dal giudice Catello Pandolfi. \u201c\u00c8 un\u2019opportunit\u00e0 alternativa [&hellip;]<\/p>\n","protected":false},"author":62,"featured_media":179463,"comment_status":"open","ping_status":"closed","sticky":false,"template":"","format":"standard","meta":{"footnotes":""},"categories":[7],"tags":[],"class_list":["post-189133","post","type-post","status-publish","format-standard","has-post-thumbnail","hentry","category-cronaca"],"_links":{"self":[{"href":"https:\/\/www.radioluna.it\/news\/wp-json\/wp\/v2\/posts\/189133","targetHints":{"allow":["GET"]}}],"collection":[{"href":"https:\/\/www.radioluna.it\/news\/wp-json\/wp\/v2\/posts"}],"about":[{"href":"https:\/\/www.radioluna.it\/news\/wp-json\/wp\/v2\/types\/post"}],"author":[{"embeddable":true,"href":"https:\/\/www.radioluna.it\/news\/wp-json\/wp\/v2\/users\/62"}],"replies":[{"embeddable":true,"href":"https:\/\/www.radioluna.it\/news\/wp-json\/wp\/v2\/comments?post=189133"}],"version-history":[{"count":0,"href":"https:\/\/www.radioluna.it\/news\/wp-json\/wp\/v2\/posts\/189133\/revisions"}],"wp:featuredmedia":[{"embeddable":true,"href":"https:\/\/www.radioluna.it\/news\/wp-json\/wp\/v2\/media\/179463"}],"wp:attachment":[{"href":"https:\/\/www.radioluna.it\/news\/wp-json\/wp\/v2\/media?parent=189133"}],"wp:term":[{"taxonomy":"category","embeddable":true,"href":"https:\/\/www.radioluna.it\/news\/wp-json\/wp\/v2\/categories?post=189133"},{"taxonomy":"post_tag","embeddable":true,"href":"https:\/\/www.radioluna.it\/news\/wp-json\/wp\/v2\/tags?post=189133"}],"curies":[{"name":"wp","href":"https:\/\/api.w.org\/{rel}","templated":true}]}}