{"id":189150,"date":"2017-02-10T16:23:12","date_gmt":"2017-02-10T15:23:12","guid":{"rendered":"http:\/\/www.radioluna.it\/news\/?p=189150"},"modified":"2017-02-11T19:24:16","modified_gmt":"2017-02-11T18:24:16","slug":"calcio-mancini-nessuna-fuga-siamo-qui-e-ci-impegniamo","status":"publish","type":"post","link":"https:\/\/www.radioluna.it\/news\/2017\/02\/calcio-mancini-nessuna-fuga-siamo-qui-e-ci-impegniamo\/","title":{"rendered":"Calcio, Mancini: nessuna fuga, siamo qui e ci impegniamo"},"content":{"rendered":"<div id=\"fb-root\"><\/div>\n<p><a href=\"http:\/\/www.radioluna.it\/news\/wp-content\/uploads\/2017\/02\/GTA8031-2.jpg\"><img loading=\"lazy\" decoding=\"async\" class=\"aligncenter size-thumbnail wp-image-189153\" src=\"http:\/\/www.radioluna.it\/news\/wp-content\/uploads\/2017\/02\/GTA8031-2-689x458.jpg\" alt=\"\" width=\"689\" height=\"458\" srcset=\"https:\/\/www.radioluna.it\/news\/wp-content\/uploads\/2017\/02\/GTA8031-2-689x458.jpg 689w, https:\/\/www.radioluna.it\/news\/wp-content\/uploads\/2017\/02\/GTA8031-2-300x200.jpg 300w, https:\/\/www.radioluna.it\/news\/wp-content\/uploads\/2017\/02\/GTA8031-2-768x511.jpg 768w, https:\/\/www.radioluna.it\/news\/wp-content\/uploads\/2017\/02\/GTA8031-2.jpg 800w\" sizes=\"auto, (max-width: 689px) 100vw, 689px\" \/><\/a><\/p>\n<p style=\"text-align: justify;\"><strong>LATINA &#8211;<\/strong>\u00a0&#8220;C&#8217;era la necessit\u00e0 di trovare una linea decisionale pi\u00f9 facile per i prossimi eventi che accadranno e gli impegni societari. I nostri legali hanno ritenuto pi\u00f9 opportuno trasformare il Consiglio di Amministrazione in amministratore unico, per evitare buchi e vuoti decisionali in momenti che potrebbero contemplare una decisione immediata&#8221;. Sono queste le parole di Benedetto Mancini, da poche ore massimo dirigente del Latina Calcio \u00a0all&#8217;indomani dell&#8217;addio di Angelo Ferullo dalla presidenza dell&#8217;Unione Sportiva Latina Calcio.\u00a0<em>\u00a0&#8220;<\/em>L&#8217;unica motivazione di questo cambio \u00e8 dettata dal fatto che \u00e8 stata vista in me la figura demandata a rappresentare il Latina nelle sedi. Lo faccio con volont\u00e0 e abnegazione, continuiamo sullo stesso identico lavoro, cercando di portare a termine il lavoro prefissato a dicembre con una salvezza tranquilla. Il giocatore che stiamo prendendo contribuir\u00e0 a questo, poi programmeremo la prossima stagione con gli obiettivi&#8221;, ha aggiunto Mancini nel corso della conferenza stampa. Per quanto riguarda la data del fallimento, Mancini ha detto di essere fiducioso. &#8220;C&#8217;\u00e8 un piano finanziario e useremo tutte le possibili agevolazioni che ci permette la legge&#8221;. In societ\u00e0 ha confermato che restano sia Angelo Ferullo che Regina Wainstein.<\/p>\n","protected":false},"excerpt":{"rendered":"<p>LATINA &#8211;\u00a0&#8220;C&#8217;era la necessit\u00e0 di trovare una linea decisionale pi\u00f9 facile per i prossimi eventi che accadranno e gli impegni societari. I nostri legali hanno ritenuto pi\u00f9 opportuno trasformare il Consiglio di Amministrazione in amministratore unico, per evitare buchi e vuoti decisionali in momenti che potrebbero contemplare una decisione immediata&#8221;. Sono queste le parole di [&hellip;]<\/p>\n","protected":false},"author":60,"featured_media":189153,"comment_status":"open","ping_status":"closed","sticky":false,"template":"","format":"standard","meta":{"footnotes":""},"categories":[17],"tags":[],"class_list":["post-189150","post","type-post","status-publish","format-standard","has-post-thumbnail","hentry","category-sport"],"_links":{"self":[{"href":"https:\/\/www.radioluna.it\/news\/wp-json\/wp\/v2\/posts\/189150","targetHints":{"allow":["GET"]}}],"collection":[{"href":"https:\/\/www.radioluna.it\/news\/wp-json\/wp\/v2\/posts"}],"about":[{"href":"https:\/\/www.radioluna.it\/news\/wp-json\/wp\/v2\/types\/post"}],"author":[{"embeddable":true,"href":"https:\/\/www.radioluna.it\/news\/wp-json\/wp\/v2\/users\/60"}],"replies":[{"embeddable":true,"href":"https:\/\/www.radioluna.it\/news\/wp-json\/wp\/v2\/comments?post=189150"}],"version-history":[{"count":0,"href":"https:\/\/www.radioluna.it\/news\/wp-json\/wp\/v2\/posts\/189150\/revisions"}],"wp:featuredmedia":[{"embeddable":true,"href":"https:\/\/www.radioluna.it\/news\/wp-json\/wp\/v2\/media\/189153"}],"wp:attachment":[{"href":"https:\/\/www.radioluna.it\/news\/wp-json\/wp\/v2\/media?parent=189150"}],"wp:term":[{"taxonomy":"category","embeddable":true,"href":"https:\/\/www.radioluna.it\/news\/wp-json\/wp\/v2\/categories?post=189150"},{"taxonomy":"post_tag","embeddable":true,"href":"https:\/\/www.radioluna.it\/news\/wp-json\/wp\/v2\/tags?post=189150"}],"curies":[{"name":"wp","href":"https:\/\/api.w.org\/{rel}","templated":true}]}}