{"id":189156,"date":"2017-02-11T00:16:26","date_gmt":"2017-02-10T23:16:26","guid":{"rendered":"http:\/\/www.radioluna.it\/news\/?p=189156"},"modified":"2017-02-11T00:18:40","modified_gmt":"2017-02-10T23:18:40","slug":"itri-incidente-sul-lavoro-si-ribalta-una-betoniera-muore-un-operaio","status":"publish","type":"post","link":"https:\/\/www.radioluna.it\/news\/2017\/02\/itri-incidente-sul-lavoro-si-ribalta-una-betoniera-muore-un-operaio\/","title":{"rendered":"Itri, incidente sul lavoro: si ribalta una betoniera muore un operaio"},"content":{"rendered":"<div id=\"fb-root\"><\/div>\n<p><a href=\"http:\/\/www.radioluna.it\/news\/wp-content\/uploads\/2015\/04\/ospedale-Goretti-foto-Anna.jpg\"><img loading=\"lazy\" decoding=\"async\" class=\"aligncenter wp-image-163423\" src=\"http:\/\/www.radioluna.it\/news\/wp-content\/uploads\/2015\/04\/ospedale-Goretti-foto-Anna-635x476.jpg\" width=\"689\" height=\"517\" srcset=\"https:\/\/www.radioluna.it\/news\/wp-content\/uploads\/2015\/04\/ospedale-Goretti-foto-Anna-635x476.jpg 635w, https:\/\/www.radioluna.it\/news\/wp-content\/uploads\/2015\/04\/ospedale-Goretti-foto-Anna-768x576.jpg 768w, https:\/\/www.radioluna.it\/news\/wp-content\/uploads\/2015\/04\/ospedale-Goretti-foto-Anna-500x375.jpg 500w, https:\/\/www.radioluna.it\/news\/wp-content\/uploads\/2015\/04\/ospedale-Goretti-foto-Anna-300x225.jpg 300w, https:\/\/www.radioluna.it\/news\/wp-content\/uploads\/2015\/04\/ospedale-Goretti-foto-Anna-1024x768.jpg 1024w, https:\/\/www.radioluna.it\/news\/wp-content\/uploads\/2015\/04\/ospedale-Goretti-foto-Anna-800x600.jpg 800w, https:\/\/www.radioluna.it\/news\/wp-content\/uploads\/2015\/04\/ospedale-Goretti-foto-Anna.jpg 1000w\" sizes=\"auto, (max-width: 689px) 100vw, 689px\" \/><\/a><\/p>\n<p style=\"text-align: justify;\"><strong>ITRI &#8211;<\/strong> Un uomo di 57 anni \u00e8 morto oggi a Itri, la vittima era alla guida di una betoniera quando per cause da accertare il mezzo si \u00e8 ribaltato su un fianco e l&#8217;uomo \u00e8 rimasto schiacciato nella cabina. L&#8217;incidente si \u00e8 verificato nel pomeriggio in via delle Cupe e l&#8217;uomo \u00e8 stato soccorso ed \u00e8 stato trasportato al Santa Maria Goretti di Latina dove poi \u00e8 morto a causa delle gravi ferite riportate.<\/p>\n","protected":false},"excerpt":{"rendered":"<p>ITRI &#8211; Un uomo di 57 anni \u00e8 morto oggi a Itri, la vittima era alla guida di una betoniera quando per cause da accertare il mezzo si \u00e8 ribaltato su un fianco e l&#8217;uomo \u00e8 rimasto schiacciato nella cabina. L&#8217;incidente si \u00e8 verificato nel pomeriggio in via delle Cupe e l&#8217;uomo \u00e8 stato soccorso [&hellip;]<\/p>\n","protected":false},"author":62,"featured_media":107238,"comment_status":"open","ping_status":"closed","sticky":false,"template":"","format":"standard","meta":{"footnotes":""},"categories":[7],"tags":[],"class_list":["post-189156","post","type-post","status-publish","format-standard","has-post-thumbnail","hentry","category-cronaca"],"_links":{"self":[{"href":"https:\/\/www.radioluna.it\/news\/wp-json\/wp\/v2\/posts\/189156","targetHints":{"allow":["GET"]}}],"collection":[{"href":"https:\/\/www.radioluna.it\/news\/wp-json\/wp\/v2\/posts"}],"about":[{"href":"https:\/\/www.radioluna.it\/news\/wp-json\/wp\/v2\/types\/post"}],"author":[{"embeddable":true,"href":"https:\/\/www.radioluna.it\/news\/wp-json\/wp\/v2\/users\/62"}],"replies":[{"embeddable":true,"href":"https:\/\/www.radioluna.it\/news\/wp-json\/wp\/v2\/comments?post=189156"}],"version-history":[{"count":0,"href":"https:\/\/www.radioluna.it\/news\/wp-json\/wp\/v2\/posts\/189156\/revisions"}],"wp:featuredmedia":[{"embeddable":true,"href":"https:\/\/www.radioluna.it\/news\/wp-json\/wp\/v2\/media\/107238"}],"wp:attachment":[{"href":"https:\/\/www.radioluna.it\/news\/wp-json\/wp\/v2\/media?parent=189156"}],"wp:term":[{"taxonomy":"category","embeddable":true,"href":"https:\/\/www.radioluna.it\/news\/wp-json\/wp\/v2\/categories?post=189156"},{"taxonomy":"post_tag","embeddable":true,"href":"https:\/\/www.radioluna.it\/news\/wp-json\/wp\/v2\/tags?post=189156"}],"curies":[{"name":"wp","href":"https:\/\/api.w.org\/{rel}","templated":true}]}}