{"id":189205,"date":"2017-02-11T13:37:56","date_gmt":"2017-02-11T12:37:56","guid":{"rendered":"http:\/\/www.radioluna.it\/news\/?p=189205"},"modified":"2017-02-11T14:24:56","modified_gmt":"2017-02-11T13:24:56","slug":"primo-derby-per-la-benacquista-basket-al-palabianchini","status":"publish","type":"post","link":"https:\/\/www.radioluna.it\/news\/2017\/02\/primo-derby-per-la-benacquista-basket-al-palabianchini\/","title":{"rendered":"Primo derby per la Benacquista Basket al PalaBianchini"},"content":{"rendered":"<div id=\"fb-root\"><\/div>\n<p style=\"text-align: justify\"><a href=\"http:\/\/www.radioluna.it\/news\/wp-content\/uploads\/2017\/02\/16143250_1281428128570042_5104469707454503695_n.jpg\"><img loading=\"lazy\" decoding=\"async\" class=\"aligncenter wp-image-189211 size-thumbnail\" src=\"http:\/\/www.radioluna.it\/news\/wp-content\/uploads\/2017\/02\/16143250_1281428128570042_5104469707454503695_n-689x459.jpg\" width=\"689\" height=\"459\" srcset=\"https:\/\/www.radioluna.it\/news\/wp-content\/uploads\/2017\/02\/16143250_1281428128570042_5104469707454503695_n-689x459.jpg 689w, https:\/\/www.radioluna.it\/news\/wp-content\/uploads\/2017\/02\/16143250_1281428128570042_5104469707454503695_n-300x200.jpg 300w, https:\/\/www.radioluna.it\/news\/wp-content\/uploads\/2017\/02\/16143250_1281428128570042_5104469707454503695_n-768x512.jpg 768w, https:\/\/www.radioluna.it\/news\/wp-content\/uploads\/2017\/02\/16143250_1281428128570042_5104469707454503695_n-800x533.jpg 800w, https:\/\/www.radioluna.it\/news\/wp-content\/uploads\/2017\/02\/16143250_1281428128570042_5104469707454503695_n.jpg 960w\" sizes=\"auto, (max-width: 689px) 100vw, 689px\" \/><\/a>LATINA- La\u00a0Benacquista Assicurazioni Latina Basket torna a giocare tra le mura amiche del PalaBianchini dove\u00a0ospiter\u00e0 l&#8217;Unicusano Virtus Roma per disputare il primo dei tre derby consecutivi che attendono i\u00a0 nerazzurri in programma domani, domenica 12 febbraio alle 18.00.\u00a0A seguire, infatti, il club pontino far\u00e0 visita alla Roma Gas &amp; Power Eurobasket (domenica 19 ore 14:15 diretta Sky Sport 2HD) per poi tornare al palazzetto di via dei Mille e ospitare la Fmc Ferentino (sabato 25 ore 21:00)\u00a0sfide importanti e difficili per per gli uomini di Gramenzi che deve ancora fare a meno\u00a0di Roberto Rullo, fermo per infortunio.<\/p>\n<p style=\"text-align: justify\">I derby per la Benacquista hanno rappresentato la svolta in campionato, vinti tre su tre nell&#8217;andata del girone ovest del\u00a0campionato di Serie A2. \u00a0La formazione capitolina\u00a0\u00e8 attualmente a quota 22 punti in classifica, proprio come la Benacquista e i due punti in palio sono preziosi per entrambe le compagini, le parole di coach Franco Gramenzi &#8220;<em>Con la sfida di domenica inizia per noi la serie di tre derby consecutivi affrontando una squadra, la Virtus Roma, che sta lavorando davvero molto bene con un gruppo di giovani molto simile al nostro. Per quanto ci riguarda giocheremo la partita ancora con l\u2019assenza di Roberto Rullo, ma sappiamo che anche la formazione capitolina ha delle assenze importanti. Sar\u00e0 sicuramente una partita complicata sia perch\u00e9 ci troveremo di fronte un avversario difficile da affrontare per via delle caratteristiche di squadra, sia perch\u00e9, trovandoci a pari punti in classifica a dieci giornate dalla fine della regular season, il risultato del match di domenica riveste una considerevole importanza per ambedue le compagini<\/em>&#8220;.<\/p>\n<p style=\"text-align: justify\"><a href=\"http:\/\/www.radioluna.it\/news\/wp-content\/uploads\/2017\/02\/16174676_1281427541903434_2712463947135635383_n.jpg\"><img loading=\"lazy\" decoding=\"async\" class=\"alignleft wp-image-189210 size-medium\" src=\"http:\/\/www.radioluna.it\/news\/wp-content\/uploads\/2017\/02\/16174676_1281427541903434_2712463947135635383_n-300x200.jpg\" width=\"300\" height=\"200\" srcset=\"https:\/\/www.radioluna.it\/news\/wp-content\/uploads\/2017\/02\/16174676_1281427541903434_2712463947135635383_n-300x200.jpg 300w, https:\/\/www.radioluna.it\/news\/wp-content\/uploads\/2017\/02\/16174676_1281427541903434_2712463947135635383_n-689x459.jpg 689w, https:\/\/www.radioluna.it\/news\/wp-content\/uploads\/2017\/02\/16174676_1281427541903434_2712463947135635383_n-768x512.jpg 768w, https:\/\/www.radioluna.it\/news\/wp-content\/uploads\/2017\/02\/16174676_1281427541903434_2712463947135635383_n-800x533.jpg 800w, https:\/\/www.radioluna.it\/news\/wp-content\/uploads\/2017\/02\/16174676_1281427541903434_2712463947135635383_n.jpg 960w\" sizes=\"auto, (max-width: 300px) 100vw, 300px\" \/><\/a>Nella partita di andata disputata al palazzetto dello sport di Roma i nerazzurri avevano conquistato il successo con il risultato finale di 83-87, i romani cercheranno riscatto, nel Latina sar\u00e0 ancora assente Roberto Rullo, ma anche sul fronte romano peseranno gli infortuni di alcuni importanti giocatori, condizione che, per\u00f2, potrebbe costituire un\u2019ulteriore motivazione nel gruppo avversario, come conferma il numero 21 nerazzurro Andrea Pastore &#8220;<em>La partita di domenica con la Unicusano Virtus Roma sar\u00e0 molto dura e difficile. I nostri avversari stanno attraversando un periodo complicato dal punto di vista dei giocatori infortunati, hanno infatti delle assenze molto importanti nel roster, e questo produrr\u00e0 senza ombra di dubbio una forte motivazione negli atleti che scenderanno sul parquet, che si impegneranno al massimo. Roma \u00e8 una squadra che gi\u00e0 nelle precedenti occasioni d\u2019incontro abbiamo subito dal punto di vista della difesa aggressiva e dell\u2019atletismo, per questo motivo in settimana ci siamo allenati con grande intensit\u00e0 preparandoci ad affrontare un avversario di alto livello. La Virtus \u00e8 composta da giocatori molto validi come Giuliano Maresca, la cui esperienza \u00e8 notevole, o John Brown, atletico, energico e impressionante nel suo modo di giocare e questo la rende un avversario ostico<\/em>&#8221; ma con la Benacquista in scia positiva, nonostante lo stop sul campo della capolista Angelico Biella, il morale e la voglia di far bene del gruppo non \u00e8 calata,\u00a0anzi vuole conquistare nuovi successi, soprattutto di fronte al pubblico di casa, che in questa stagione si sta rivelando un vero punto di forza per i nerazzurri &#8220;<em>dal canto nostro, stiamo vivendo un buon momento, nonostante la battuta d&#8217;arresto subita domenica scorsa sul campo di Biella\u00a0<\/em>-continua Pastore-<em> e ci impegneremo con tutte le nostre forze per disputare una buona partita sperando anche, come sempre, nel sostegno di tutti i nostri tifosi che \u00e8 per noi fonte di grande stimolo&#8221;<\/em>.<\/p>\n<p>&nbsp;<\/p>\n","protected":false},"excerpt":{"rendered":"<p>LATINA- La\u00a0Benacquista Assicurazioni Latina Basket torna a giocare tra le mura amiche del PalaBianchini dove\u00a0ospiter\u00e0 l&#8217;Unicusano Virtus Roma per disputare il primo dei tre derby consecutivi che attendono i\u00a0 nerazzurri in programma domani, domenica 12 febbraio alle 18.00.\u00a0A seguire, infatti, il club pontino far\u00e0 visita alla Roma Gas &amp; Power Eurobasket (domenica 19 ore 14:15 [&hellip;]<\/p>\n","protected":false},"author":5430,"featured_media":189211,"comment_status":"open","ping_status":"closed","sticky":false,"template":"","format":"standard","meta":{"footnotes":""},"categories":[17],"tags":[],"class_list":["post-189205","post","type-post","status-publish","format-standard","has-post-thumbnail","hentry","category-sport"],"_links":{"self":[{"href":"https:\/\/www.radioluna.it\/news\/wp-json\/wp\/v2\/posts\/189205","targetHints":{"allow":["GET"]}}],"collection":[{"href":"https:\/\/www.radioluna.it\/news\/wp-json\/wp\/v2\/posts"}],"about":[{"href":"https:\/\/www.radioluna.it\/news\/wp-json\/wp\/v2\/types\/post"}],"author":[{"embeddable":true,"href":"https:\/\/www.radioluna.it\/news\/wp-json\/wp\/v2\/users\/5430"}],"replies":[{"embeddable":true,"href":"https:\/\/www.radioluna.it\/news\/wp-json\/wp\/v2\/comments?post=189205"}],"version-history":[{"count":0,"href":"https:\/\/www.radioluna.it\/news\/wp-json\/wp\/v2\/posts\/189205\/revisions"}],"wp:featuredmedia":[{"embeddable":true,"href":"https:\/\/www.radioluna.it\/news\/wp-json\/wp\/v2\/media\/189211"}],"wp:attachment":[{"href":"https:\/\/www.radioluna.it\/news\/wp-json\/wp\/v2\/media?parent=189205"}],"wp:term":[{"taxonomy":"category","embeddable":true,"href":"https:\/\/www.radioluna.it\/news\/wp-json\/wp\/v2\/categories?post=189205"},{"taxonomy":"post_tag","embeddable":true,"href":"https:\/\/www.radioluna.it\/news\/wp-json\/wp\/v2\/tags?post=189205"}],"curies":[{"name":"wp","href":"https:\/\/api.w.org\/{rel}","templated":true}]}}