{"id":189365,"date":"2017-02-19T19:21:13","date_gmt":"2017-02-19T18:21:13","guid":{"rendered":"http:\/\/www.radioluna.it\/news\/?p=189365"},"modified":"2017-02-20T13:36:31","modified_gmt":"2017-02-20T12:36:31","slug":"lascia-stare-i-santi-il-film-di-pannone-e-sparagna-a-latina-proiezione-e-incontro-con-gli-autori","status":"publish","type":"post","link":"https:\/\/www.radioluna.it\/news\/2017\/02\/lascia-stare-i-santi-il-film-di-pannone-e-sparagna-a-latina-proiezione-e-incontro-con-gli-autori\/","title":{"rendered":"Lascia stare i santi, il film di Pannone e Sparagna a Latina: proiezione e incontro con gli autori"},"content":{"rendered":"<div id=\"fb-root\"><\/div>\n<div id=\"attachment_189439\" style=\"width: 286px\" class=\"wp-caption alignleft\"><img loading=\"lazy\" decoding=\"async\" aria-describedby=\"caption-attachment-189439\" class=\"size-full wp-image-189439\" src=\"http:\/\/www.radioluna.it\/news\/wp-content\/uploads\/2017\/02\/pannone-sparagna-2.jpg\" alt=\"\" width=\"276\" height=\"183\" \/><p id=\"caption-attachment-189439\" class=\"wp-caption-text\">Pannone e Sparagna<\/p><\/div>\n<p style=\"text-align: justify;\"><strong>LATINA<\/strong> &#8211; Raccontare in un documentario un secolo di memorie sonore della tradizione religiosa \u00a0popolare. Lo hanno fatto Gianfranco Pannone regista e sceneggiatore e Ambrogio Sparagna musicista ed etnomusicologo in un documentario prodotto dall&#8217;Istituto Luce. \u00a0I due autori saranno a Latina luned\u00ec 20 febbraio in occasione della proiezione del film organizzata dall&#8217;Istituto Angelo Tomassini.<\/p>\n<p style=\"text-align: justify;\">Francesca Balestrieri ne ha parlato su Radio Luna con il regista Gianfranco Pannone, che ha raccontato anche qualche curiosit\u00e0, ASCOLTA<\/p>\n<audio class=\"wp-audio-shortcode\" id=\"audio-189365-1\" preload=\"none\" style=\"width: 100%;\" controls=\"controls\"><source type=\"audio\/mpeg\" src=\"http:\/\/www.radioluna.it\/news\/wp-content\/uploads\/2017\/02\/qui-latina-per-sito-9.mp3?_=1\" \/><a href=\"http:\/\/www.radioluna.it\/news\/wp-content\/uploads\/2017\/02\/qui-latina-per-sito-9.mp3\">http:\/\/www.radioluna.it\/news\/wp-content\/uploads\/2017\/02\/qui-latina-per-sito-9.mp3<\/a><\/audio>\n<p style=\"text-align: justify;\">&#8220;Un\u2019appassionata ricerca per un\u2019attenta operazione di recupero, condotta negli archivi dell\u2019Istituto Luce e nelle memorie sonore (canti e musiche) della devozione religiosa popolare&#8221; &#8211; spiegano gli organizzatori. Pannone e Sparagna viaggiano attraverso un secolo di processioni, \u00a0presepi viventi, cortei, danze, in citt\u00e0, borghi e villaggi delle diverse regioni di Italia. &#8220;Questo viaggio tra passato e presente riporta alla luce un patrimonio collettivo in cui ogni spettatore pu\u00f2 riconoscere una parte di s\u00e9. E\u2019 l\u2019intera comunit\u00e0 a essere coinvolta per festeggiare la Madonna o il santo a cui chiedere tutela e protezione per fronteggiare le nostre paure&#8221;.<\/p>\n<p style=\"text-align: justify;\">Gli autori fanno proprio lo sguardo antropologico su questi eventi, inaugurato in Italia da Ernesto De Martino pi\u00f9 di sessant\u2019anni fa. E ci invitano a una osservazione partecipe sul tema del SACRO.<\/p>\n<p style=\"text-align: justify;\">L\u2019Italia arcaica non \u00e8 cos\u00ec lontana da noi \u2013 dice Pannone \u2013. Ci manca culturalmente qualcosa, ed \u00e8 la coscienza. La coscienza del mondo da cui proveniamo, e non si tratta solo di essere religiosi. Non volevo raccontare il passato contadino e pastorale solo attraverso la miseria del vivere quotidiano, cercavo qualcosa che fosse anche festoso e mistico.\u00a0 Questo dice il popolo di cui ci siamo dimenticati, il popolo della magia che non \u00e8 solo superstizione, ma strumento utile a rendere la vita pi\u00f9 sopportabile. Il santo fa da tramite.\u201d<\/p>\n<p style=\"text-align: justify;\">\u201cCantare \u00e8 pregare due volte\u201d, ci ricorda Ambrogio Sparagna citando sant\u2019Agostino. E in questo rinnovato bisogno di sacro &#8211; rimosso o latente, Gianfranco Pannone rilancia i suoi interrogativi: \u201cQuanto alberga segretamente in ciascuno di noi? Siamo solo figli di questo presente? O anche altro che non sappiamo pi\u00f9 vedere?\u201d<\/p>\n<p style=\"text-align: justify;\">L&#8217;appuntamento \u00e8 per luned\u00ec 20 febbraio alle 20,30 al Cinema Corso. La serata sar\u00e0 condotta da Anna Eugenia Morini.<\/p>\n<div class=\"radio-posizionamento-telefono-in-articoli-dopo-il-contenuto-articolo radio-entity-placement\" id=\"radio-1121501948\"><div id=\"radio-3411328870\"><a href=\"https:\/\/www.simeoneceramiche.com\/\" aria-label=\"SIMEONE CERAMICHE GIF animata per radioluna_Tavola disegno 1 copia 2 (online-video-cutter.com)\"><img loading=\"lazy\" decoding=\"async\" src=\"https:\/\/www.radioluna.it\/news\/wp-content\/uploads\/2025\/05\/SIMEONE-CERAMICHE-GIF-animata-per-radioluna_Tavola-disegno-1-copia-2-online-video-cutter.com_.gif\" alt=\"\"  width=\"300\" height=\"250\"   \/><\/a><\/div><\/div>","protected":false},"excerpt":{"rendered":"<p>LATINA &#8211; Raccontare in un documentario un secolo di memorie sonore della tradizione religiosa \u00a0popolare. Lo hanno fatto Gianfranco Pannone regista e sceneggiatore e Ambrogio Sparagna musicista ed etnomusicologo in un documentario prodotto dall&#8217;Istituto Luce. \u00a0I due autori saranno a Latina luned\u00ec 20 febbraio in occasione della proiezione del film organizzata dall&#8217;Istituto Angelo Tomassini. Francesca [&hellip;]<\/p>\n","protected":false},"author":62,"featured_media":189439,"comment_status":"open","ping_status":"closed","sticky":false,"template":"","format":"standard","meta":{"footnotes":""},"categories":[16,2310],"tags":[],"class_list":["post-189365","post","type-post","status-publish","format-standard","has-post-thumbnail","hentry","category-appuntamenti","category-audio"],"_links":{"self":[{"href":"https:\/\/www.radioluna.it\/news\/wp-json\/wp\/v2\/posts\/189365","targetHints":{"allow":["GET"]}}],"collection":[{"href":"https:\/\/www.radioluna.it\/news\/wp-json\/wp\/v2\/posts"}],"about":[{"href":"https:\/\/www.radioluna.it\/news\/wp-json\/wp\/v2\/types\/post"}],"author":[{"embeddable":true,"href":"https:\/\/www.radioluna.it\/news\/wp-json\/wp\/v2\/users\/62"}],"replies":[{"embeddable":true,"href":"https:\/\/www.radioluna.it\/news\/wp-json\/wp\/v2\/comments?post=189365"}],"version-history":[{"count":0,"href":"https:\/\/www.radioluna.it\/news\/wp-json\/wp\/v2\/posts\/189365\/revisions"}],"wp:featuredmedia":[{"embeddable":true,"href":"https:\/\/www.radioluna.it\/news\/wp-json\/wp\/v2\/media\/189439"}],"wp:attachment":[{"href":"https:\/\/www.radioluna.it\/news\/wp-json\/wp\/v2\/media?parent=189365"}],"wp:term":[{"taxonomy":"category","embeddable":true,"href":"https:\/\/www.radioluna.it\/news\/wp-json\/wp\/v2\/categories?post=189365"},{"taxonomy":"post_tag","embeddable":true,"href":"https:\/\/www.radioluna.it\/news\/wp-json\/wp\/v2\/tags?post=189365"}],"curies":[{"name":"wp","href":"https:\/\/api.w.org\/{rel}","templated":true}]}}