{"id":189376,"date":"2017-02-15T10:04:29","date_gmt":"2017-02-15T09:04:29","guid":{"rendered":"http:\/\/www.radioluna.it\/news\/?p=189376"},"modified":"2017-04-20T09:55:15","modified_gmt":"2017-04-20T07:55:15","slug":"primo-trofeo-interscolastico-di-pallacanestro-benacquista-assicurazioni","status":"publish","type":"post","link":"https:\/\/www.radioluna.it\/news\/2017\/02\/primo-trofeo-interscolastico-di-pallacanestro-benacquista-assicurazioni\/","title":{"rendered":"Primo Trofeo Interscolastico di Pallacanestro Benacquista Assicurazioni"},"content":{"rendered":"<div id=\"fb-root\"><\/div>\n<p style=\"text-align: justify\"><a href=\"http:\/\/www.radioluna.it\/news\/wp-content\/uploads\/2017\/02\/Lucio-e-Sabrina-1170x650.jpg\"><img loading=\"lazy\" decoding=\"async\" class=\"aligncenter wp-image-189379 size-thumbnail\" src=\"http:\/\/www.radioluna.it\/news\/wp-content\/uploads\/2017\/02\/Lucio-e-Sabrina-1170x650-689x383.jpg\" width=\"689\" height=\"383\" srcset=\"https:\/\/www.radioluna.it\/news\/wp-content\/uploads\/2017\/02\/Lucio-e-Sabrina-1170x650-689x383.jpg 689w, https:\/\/www.radioluna.it\/news\/wp-content\/uploads\/2017\/02\/Lucio-e-Sabrina-1170x650-300x167.jpg 300w, https:\/\/www.radioluna.it\/news\/wp-content\/uploads\/2017\/02\/Lucio-e-Sabrina-1170x650-768x427.jpg 768w, https:\/\/www.radioluna.it\/news\/wp-content\/uploads\/2017\/02\/Lucio-e-Sabrina-1170x650-800x445.jpg 800w, https:\/\/www.radioluna.it\/news\/wp-content\/uploads\/2017\/02\/Lucio-e-Sabrina-1170x650.jpg 1000w\" sizes=\"auto, (max-width: 689px) 100vw, 689px\" \/><\/a><\/p>\n<p style=\"text-align: justify\">LATINA- Parte oggi, mercoled\u00ec 15 febbraio, il primo\u00a0<strong>Trofeo Interscolastico di Pallacanestro Benacquista Assicurazioni<\/strong>, progetto fortemente voluto dal Presidente nerazzurro, non un semplice torneo di basket ma l&#8217;occasione perfetta per\u00a0divulgare i sani principi di lealt\u00e0 sportiva e stimolare una sana competizione con l&#8217;obiettivo principe di accrescere la conoscenza del basket nelle scuole.<\/p>\n<p style=\"text-align: justify\"><strong>Gli Istituti di Latina che prenderanno parte al torneo comprendono<\/strong> il Liceo Scientifico E.Majorana, l\u2019I.I.S. San Benedetto, il Liceo Scientifico G.B. Grassi, il Liceo Classico Dante Alighieri, I.I.S. G. Marconi e l\u2019I.T.C. Vittorio Veneto. Questo progetto riservato agli istituti superiori della citt\u00e0 terminer\u00e0 a fine marzo, gli incontri si disputeranno nelle scuole stesse e presso la Palestra dell\u2019Istituto Vittorio Veneto, mentre per la finalissima con data da decidere avr\u00e0 luogo al\u00a0PalaBianchini, parquet dove disputano il Campionato di Serie A2 i campioni della Benacquista Basket.<\/p>\n<p style=\"text-align: justify\"><strong>Sabrina Benacquista<\/strong> parla del Basket come sport che insegna &#8220;S<em>iamo orgogliosi di poter organizzare questo torneo che abbiamo intenzione di riproporre a cadenza annuale come giusto coronamento del lavoro che la nostra societ\u00e0 porta avanti con il basket \u00a0tratta del primo torneo Interscolastico di pallacanestro a Latina riservato agli istituti superiori. Quando si parla di giovani e sport \u00e8 necessario saper fare squadra per questo abbiamo voluto dare vita a questa iniziativa, lo sport non \u00e8 solo esercizio sano per il benessere del fisico e della mente ma \u00e8 anche strumento di crescita e formazione per questo coniugarlo ai giovani \u00e8 sempre un\u2019operazione sociale vincente. Ho voluto dare vita a un desiderio di mio\u00a0padre che ama i giovani e lo sport<\/em>&#8220;. Oggi alle 10.30 l&#8217;incontro \u00e8 fissato sul campo del\u00a0Liceo Scientifico Majorana contro I.I.S.S. Benedetto mentre alle 11.00 si disputer\u00e0 la gara tra\u00a0ITC V. Veneto Salvemini e Liceo Scientifico G.B. Grassi nella palestra dell&#8217;ITC Vittorio Veneto, prossimo appuntamento venerd\u00ec 17 febbraio all&#8217;I.I.S. G. Marconi Donatella Schirra alle 11.00 tra la scuola ospite e il\u00a0Liceo Classico D. Alighieri.<\/p>\n<p>&nbsp;<\/p>\n<p>&nbsp;<\/p>\n","protected":false},"excerpt":{"rendered":"<p>LATINA- Parte oggi, mercoled\u00ec 15 febbraio, il primo\u00a0Trofeo Interscolastico di Pallacanestro Benacquista Assicurazioni, progetto fortemente voluto dal Presidente nerazzurro, non un semplice torneo di basket ma l&#8217;occasione perfetta per\u00a0divulgare i sani principi di lealt\u00e0 sportiva e stimolare una sana competizione con l&#8217;obiettivo principe di accrescere la conoscenza del basket nelle scuole. Gli Istituti di Latina [&hellip;]<\/p>\n","protected":false},"author":5430,"featured_media":189379,"comment_status":"open","ping_status":"closed","sticky":false,"template":"","format":"standard","meta":{"footnotes":""},"categories":[17],"tags":[],"class_list":["post-189376","post","type-post","status-publish","format-standard","has-post-thumbnail","hentry","category-sport"],"_links":{"self":[{"href":"https:\/\/www.radioluna.it\/news\/wp-json\/wp\/v2\/posts\/189376","targetHints":{"allow":["GET"]}}],"collection":[{"href":"https:\/\/www.radioluna.it\/news\/wp-json\/wp\/v2\/posts"}],"about":[{"href":"https:\/\/www.radioluna.it\/news\/wp-json\/wp\/v2\/types\/post"}],"author":[{"embeddable":true,"href":"https:\/\/www.radioluna.it\/news\/wp-json\/wp\/v2\/users\/5430"}],"replies":[{"embeddable":true,"href":"https:\/\/www.radioluna.it\/news\/wp-json\/wp\/v2\/comments?post=189376"}],"version-history":[{"count":0,"href":"https:\/\/www.radioluna.it\/news\/wp-json\/wp\/v2\/posts\/189376\/revisions"}],"wp:featuredmedia":[{"embeddable":true,"href":"https:\/\/www.radioluna.it\/news\/wp-json\/wp\/v2\/media\/189379"}],"wp:attachment":[{"href":"https:\/\/www.radioluna.it\/news\/wp-json\/wp\/v2\/media?parent=189376"}],"wp:term":[{"taxonomy":"category","embeddable":true,"href":"https:\/\/www.radioluna.it\/news\/wp-json\/wp\/v2\/categories?post=189376"},{"taxonomy":"post_tag","embeddable":true,"href":"https:\/\/www.radioluna.it\/news\/wp-json\/wp\/v2\/tags?post=189376"}],"curies":[{"name":"wp","href":"https:\/\/api.w.org\/{rel}","templated":true}]}}