{"id":189444,"date":"2017-02-16T11:08:31","date_gmt":"2017-02-16T10:08:31","guid":{"rendered":"http:\/\/www.radioluna.it\/news\/?p=189444"},"modified":"2017-02-17T18:20:04","modified_gmt":"2017-02-17T17:20:04","slug":"latina-calcio-e-fallimento-pilotato-il-presidente-mancini-soluzione-migliore-per-salvaguardare-il-latina","status":"publish","type":"post","link":"https:\/\/www.radioluna.it\/news\/2017\/02\/latina-calcio-e-fallimento-pilotato-il-presidente-mancini-soluzione-migliore-per-salvaguardare-il-latina\/","title":{"rendered":"Latina calcio, \u00e8 fallimento pilotato. Il Presidente Mancini: &#8220;Soluzione migliore per salvaguardare il Club&#8221;"},"content":{"rendered":"<div id=\"fb-root\"><\/div>\n<p><iframe loading=\"lazy\" style=\"border: none; overflow: hidden;\" src=\"https:\/\/www.facebook.com\/plugins\/video.php?href=https%3A%2F%2Fwww.facebook.com%2FUSLATINACALCIO%2Fvideos%2F1383297788358374%2F&amp;show_text=0&amp;width=560\" width=\"560\" height=\"315\" frameborder=\"0\" scrolling=\"no\" allowfullscreen=\"allowfullscreen\"><\/iframe><\/p>\n<p style=\"text-align: justify;\"><strong>LATINA<\/strong> &#8211; \u00a0Il\u00a0futuro del Latina sembra scritto: un fallimento pilotato come era accaduto tre anni fa a Bari grazie alle norme federali interne. L&#8217;Unione Sportiva Latina Calcio in sede di sezione fallimentare del Tribunale di Fabio Filzi ha aderito all&#8217;istanza di fallimento richiesta dai pm Luigia Spinelli e Claudio De Lazzaro e ha chiesto l&#8217;esercizio provvisorio, la Procura non si \u00e8 opposta, ma la riserva dovr\u00e0 essere sciolta dal giudice Linda Vaccarella che ha l&#8217;ultima parola.<\/p>\n<p style=\"text-align: justify;\">L&#8217;udienza \u00e8 iniziata alle 9 ed \u00e8 terminata poco prima delle 11, in aula erano presenti anche gli avvocati che assistono l&#8217;ex presidente Antonio Aprile. La strada del futuro del Latina \u00e8 segnata da una serie di scadenze: entro il 27 febbraio dovr\u00e0 essere presentato un piano per dimostrare la solidit\u00e0 della compagine sportiva e che dovr\u00e0 essere valutato dal magistrato, poi dopo la dichiarazione di fallimento il titolo sar\u00e0 acquistato all&#8217;asta. Questa mattina inoltre la nuova propriet\u00e0 ha presentato una relazione sugli ultimi movimenti del mercato di gennaio che ha permesso al club di incassare oltre un milione e mezzo di euro ottenendo un netto risparmio.<\/p>\n<p style=\"text-align: justify;\">In una conferenza tenutasi nella sala stampa dello stadio Francioni, il presidente Benedetto Mancini ha anche spiegato che gli stipendi ai giocatori saranno pagati, ma non oggi, giorno della scadenza. Dovranno attendere qualche giorno e ha aggiunto che per questo si aspetta due punti di penalizzazione.<\/p>\n<p style=\"text-align: justify;\">Preoccupato della classifica e del match in programma domani \u00a0in casa contro il Novara, Mister Vivarini che ha lanciato un appello alla citt\u00e0: &#8220;Conto ancora una volta sul sostegno del pubblico&#8221;. Ma il tifo organizzato non si \u00e8 visto n\u00e9 in Tribunale, n\u00e9 in conferenza stampa.<\/p>\n","protected":false},"excerpt":{"rendered":"<p>LATINA &#8211; \u00a0Il\u00a0futuro del Latina sembra scritto: un fallimento pilotato come era accaduto tre anni fa a Bari grazie alle norme federali interne. L&#8217;Unione Sportiva Latina Calcio in sede di sezione fallimentare del Tribunale di Fabio Filzi ha aderito all&#8217;istanza di fallimento richiesta dai pm Luigia Spinelli e Claudio De Lazzaro e ha chiesto l&#8217;esercizio [&hellip;]<\/p>\n","protected":false},"author":62,"featured_media":189467,"comment_status":"open","ping_status":"closed","sticky":false,"template":"","format":"standard","meta":{"footnotes":""},"categories":[7,2312],"tags":[],"class_list":["post-189444","post","type-post","status-publish","format-standard","has-post-thumbnail","hentry","category-cronaca","category-video"],"_links":{"self":[{"href":"https:\/\/www.radioluna.it\/news\/wp-json\/wp\/v2\/posts\/189444","targetHints":{"allow":["GET"]}}],"collection":[{"href":"https:\/\/www.radioluna.it\/news\/wp-json\/wp\/v2\/posts"}],"about":[{"href":"https:\/\/www.radioluna.it\/news\/wp-json\/wp\/v2\/types\/post"}],"author":[{"embeddable":true,"href":"https:\/\/www.radioluna.it\/news\/wp-json\/wp\/v2\/users\/62"}],"replies":[{"embeddable":true,"href":"https:\/\/www.radioluna.it\/news\/wp-json\/wp\/v2\/comments?post=189444"}],"version-history":[{"count":0,"href":"https:\/\/www.radioluna.it\/news\/wp-json\/wp\/v2\/posts\/189444\/revisions"}],"wp:featuredmedia":[{"embeddable":true,"href":"https:\/\/www.radioluna.it\/news\/wp-json\/wp\/v2\/media\/189467"}],"wp:attachment":[{"href":"https:\/\/www.radioluna.it\/news\/wp-json\/wp\/v2\/media?parent=189444"}],"wp:term":[{"taxonomy":"category","embeddable":true,"href":"https:\/\/www.radioluna.it\/news\/wp-json\/wp\/v2\/categories?post=189444"},{"taxonomy":"post_tag","embeddable":true,"href":"https:\/\/www.radioluna.it\/news\/wp-json\/wp\/v2\/tags?post=189444"}],"curies":[{"name":"wp","href":"https:\/\/api.w.org\/{rel}","templated":true}]}}