{"id":189508,"date":"2017-02-17T09:21:00","date_gmt":"2017-02-17T08:21:00","guid":{"rendered":"http:\/\/www.radioluna.it\/news\/?p=189508"},"modified":"2017-02-17T09:23:15","modified_gmt":"2017-02-17T08:23:15","slug":"latina-cornicione-pericolante-allintendenza-di-finanza-intervento-dei-vigili-del-fuoco","status":"publish","type":"post","link":"https:\/\/www.radioluna.it\/news\/2017\/02\/latina-cornicione-pericolante-allintendenza-di-finanza-intervento-dei-vigili-del-fuoco\/","title":{"rendered":"Latina, cornicione pericolante all&#8217;Intendenza di Finanza, intervento dei vigili del fuoco"},"content":{"rendered":"<div id=\"fb-root\"><\/div>\n<p style=\"text-align: justify;\"><img loading=\"lazy\" decoding=\"async\" class=\"aligncenter size-thumbnail wp-image-189509\" src=\"http:\/\/www.radioluna.it\/news\/wp-content\/uploads\/2017\/02\/lastra-pericolante-689x517.jpg\" alt=\"\" width=\"689\" height=\"517\" srcset=\"https:\/\/www.radioluna.it\/news\/wp-content\/uploads\/2017\/02\/lastra-pericolante-689x517.jpg 689w, https:\/\/www.radioluna.it\/news\/wp-content\/uploads\/2017\/02\/lastra-pericolante-300x225.jpg 300w, https:\/\/www.radioluna.it\/news\/wp-content\/uploads\/2017\/02\/lastra-pericolante-768x576.jpg 768w, https:\/\/www.radioluna.it\/news\/wp-content\/uploads\/2017\/02\/lastra-pericolante-800x600.jpg 800w, https:\/\/www.radioluna.it\/news\/wp-content\/uploads\/2017\/02\/lastra-pericolante.jpg 1000w\" sizes=\"auto, (max-width: 689px) 100vw, 689px\" \/><strong>LATINA<\/strong> &#8211; Un cornicione pericolante nella parte alta del palazzo dell&#8217;Intendenza di Finanza di Latina \u00e8 stato rimosso dai vigili del fuoco che hanno messo in sicurezza la zona. La parte dell&#8217;edificio \u00e8 quella che affaccia su Piazza del Mercato. L&#8217;intervento con l&#8217;autoscala asi \u00e8 reso necessario per rimuovere una pianta spontanea cresciuta sul tetto, che aveva sollevato una lastra di travertino.<\/p>\n","protected":false},"excerpt":{"rendered":"<p>LATINA &#8211; Un cornicione pericolante nella parte alta del palazzo dell&#8217;Intendenza di Finanza di Latina \u00e8 stato rimosso dai vigili del fuoco che hanno messo in sicurezza la zona. La parte dell&#8217;edificio \u00e8 quella che affaccia su Piazza del Mercato. L&#8217;intervento con l&#8217;autoscala asi \u00e8 reso necessario per rimuovere una pianta spontanea cresciuta sul tetto, [&hellip;]<\/p>\n","protected":false},"author":62,"featured_media":189509,"comment_status":"open","ping_status":"closed","sticky":false,"template":"","format":"standard","meta":{"footnotes":""},"categories":[7],"tags":[],"class_list":["post-189508","post","type-post","status-publish","format-standard","has-post-thumbnail","hentry","category-cronaca"],"_links":{"self":[{"href":"https:\/\/www.radioluna.it\/news\/wp-json\/wp\/v2\/posts\/189508","targetHints":{"allow":["GET"]}}],"collection":[{"href":"https:\/\/www.radioluna.it\/news\/wp-json\/wp\/v2\/posts"}],"about":[{"href":"https:\/\/www.radioluna.it\/news\/wp-json\/wp\/v2\/types\/post"}],"author":[{"embeddable":true,"href":"https:\/\/www.radioluna.it\/news\/wp-json\/wp\/v2\/users\/62"}],"replies":[{"embeddable":true,"href":"https:\/\/www.radioluna.it\/news\/wp-json\/wp\/v2\/comments?post=189508"}],"version-history":[{"count":0,"href":"https:\/\/www.radioluna.it\/news\/wp-json\/wp\/v2\/posts\/189508\/revisions"}],"wp:featuredmedia":[{"embeddable":true,"href":"https:\/\/www.radioluna.it\/news\/wp-json\/wp\/v2\/media\/189509"}],"wp:attachment":[{"href":"https:\/\/www.radioluna.it\/news\/wp-json\/wp\/v2\/media?parent=189508"}],"wp:term":[{"taxonomy":"category","embeddable":true,"href":"https:\/\/www.radioluna.it\/news\/wp-json\/wp\/v2\/categories?post=189508"},{"taxonomy":"post_tag","embeddable":true,"href":"https:\/\/www.radioluna.it\/news\/wp-json\/wp\/v2\/tags?post=189508"}],"curies":[{"name":"wp","href":"https:\/\/api.w.org\/{rel}","templated":true}]}}