{"id":189517,"date":"2017-02-17T10:13:41","date_gmt":"2017-02-17T09:13:41","guid":{"rendered":"http:\/\/www.radioluna.it\/news\/?p=189517"},"modified":"2017-02-17T10:13:41","modified_gmt":"2017-02-17T09:13:41","slug":"trinita-dei-monti-un-libro-per-raccontare-ricerche-e-restauro","status":"publish","type":"post","link":"https:\/\/www.radioluna.it\/news\/2017\/02\/trinita-dei-monti-un-libro-per-raccontare-ricerche-e-restauro\/","title":{"rendered":"Trinit\u00e0 dei Monti, un libro per raccontare ricerche e restauro"},"content":{"rendered":"<div id=\"fb-root\"><\/div>\n<p style=\"text-align: justify;\"><strong><img loading=\"lazy\" decoding=\"async\" class=\"aligncenter size-thumbnail wp-image-189529\" src=\"http:\/\/www.radioluna.it\/news\/wp-content\/uploads\/2017\/02\/Locandina-Trinit\u00e0-dei-Monti-Magma-689x975.jpg\" alt=\"\" width=\"689\" height=\"975\" srcset=\"https:\/\/www.radioluna.it\/news\/wp-content\/uploads\/2017\/02\/Locandina-Trinit\u00e0-dei-Monti-Magma-689x975.jpg 689w, https:\/\/www.radioluna.it\/news\/wp-content\/uploads\/2017\/02\/Locandina-Trinit\u00e0-dei-Monti-Magma-212x300.jpg 212w, https:\/\/www.radioluna.it\/news\/wp-content\/uploads\/2017\/02\/Locandina-Trinit\u00e0-dei-Monti-Magma-768x1087.jpg 768w, https:\/\/www.radioluna.it\/news\/wp-content\/uploads\/2017\/02\/Locandina-Trinit\u00e0-dei-Monti-Magma-724x1024.jpg 724w, https:\/\/www.radioluna.it\/news\/wp-content\/uploads\/2017\/02\/Locandina-Trinit\u00e0-dei-Monti-Magma-800x1132.jpg 800w, https:\/\/www.radioluna.it\/news\/wp-content\/uploads\/2017\/02\/Locandina-Trinit\u00e0-dei-Monti-Magma.jpg 1000w\" sizes=\"auto, (max-width: 689px) 100vw, 689px\" \/>LATINA<\/strong> &#8211; Venerd\u00ec 17 febbraio alle 18 nella sala De Pasquale del Palazzo Comunale di Latina l&#8217;associazione culturale Magma presenter\u00e0 il volume LA CHIESA E IL CONVENTO DELLA TRINIT\u00c0 DEI MONTI Ricerche, nuove letture, restauri a cura di Colette Di Matteo e Sebastiano Roberto, edito da De Luca Editori d\u2019Arte<\/p>\n<p style=\"text-align: justify;\">&#8220;Il testo tratta degli ultimi venti anni di ricerche e di opere di restauro messe in atto nella Chiesa e nel Convento della Trinit\u00e0 dei Monti &#8211; spiegano dall&#8217;associazione Magma che organizza l&#8217;appuntamento &#8211;\u00a0Sar\u00e0 una bella occasione per la citt\u00e0 di accogliere novit\u00e0 interessanti su uno dei monumenti che maggiormente caratterizzano Roma e l\u2019Italia nel mondo&#8221;.<\/p>\n<p style=\"text-align: justify;\">Interverranno: Antonella Di Muro, (Assessore alla Cultura del Comune di Latina), Sebastiano Roberto (curatore del volume), Bernard Ardura (Presidente del Comitato Pontificio di Scienze Storiche e Amministratore dei Pii Stabilimenti della Francia a Roma e Loreto), Francesca Fasani (presidente della Luigi De Cesaris Onlus) e gli archeologi Giulio Fratini e Francesco Moriconi (autori dello studio della storia edilizia del complesso conventuale con approfondimenti su inediti aspetti storico artistici). Coordina il regista Renato Chiocca.<\/p>\n","protected":false},"excerpt":{"rendered":"<p>LATINA &#8211; Venerd\u00ec 17 febbraio alle 18 nella sala De Pasquale del Palazzo Comunale di Latina l&#8217;associazione culturale Magma presenter\u00e0 il volume LA CHIESA E IL CONVENTO DELLA TRINIT\u00c0 DEI MONTI Ricerche, nuove letture, restauri a cura di Colette Di Matteo e Sebastiano Roberto, edito da De Luca Editori d\u2019Arte &#8220;Il testo tratta degli ultimi [&hellip;]<\/p>\n","protected":false},"author":60,"featured_media":189529,"comment_status":"open","ping_status":"closed","sticky":false,"template":"","format":"standard","meta":{"footnotes":""},"categories":[16],"tags":[],"class_list":["post-189517","post","type-post","status-publish","format-standard","has-post-thumbnail","hentry","category-appuntamenti"],"_links":{"self":[{"href":"https:\/\/www.radioluna.it\/news\/wp-json\/wp\/v2\/posts\/189517","targetHints":{"allow":["GET"]}}],"collection":[{"href":"https:\/\/www.radioluna.it\/news\/wp-json\/wp\/v2\/posts"}],"about":[{"href":"https:\/\/www.radioluna.it\/news\/wp-json\/wp\/v2\/types\/post"}],"author":[{"embeddable":true,"href":"https:\/\/www.radioluna.it\/news\/wp-json\/wp\/v2\/users\/60"}],"replies":[{"embeddable":true,"href":"https:\/\/www.radioluna.it\/news\/wp-json\/wp\/v2\/comments?post=189517"}],"version-history":[{"count":0,"href":"https:\/\/www.radioluna.it\/news\/wp-json\/wp\/v2\/posts\/189517\/revisions"}],"wp:featuredmedia":[{"embeddable":true,"href":"https:\/\/www.radioluna.it\/news\/wp-json\/wp\/v2\/media\/189529"}],"wp:attachment":[{"href":"https:\/\/www.radioluna.it\/news\/wp-json\/wp\/v2\/media?parent=189517"}],"wp:term":[{"taxonomy":"category","embeddable":true,"href":"https:\/\/www.radioluna.it\/news\/wp-json\/wp\/v2\/categories?post=189517"},{"taxonomy":"post_tag","embeddable":true,"href":"https:\/\/www.radioluna.it\/news\/wp-json\/wp\/v2\/tags?post=189517"}],"curies":[{"name":"wp","href":"https:\/\/api.w.org\/{rel}","templated":true}]}}