{"id":189545,"date":"2017-02-17T14:57:51","date_gmt":"2017-02-17T13:57:51","guid":{"rendered":"http:\/\/www.radioluna.it\/news\/?p=189545"},"modified":"2017-02-17T18:11:15","modified_gmt":"2017-02-17T17:11:15","slug":"minturno-nuovo-arresto-per-la-stalker-del-parroco","status":"publish","type":"post","link":"https:\/\/www.radioluna.it\/news\/2017\/02\/minturno-nuovo-arresto-per-la-stalker-del-parroco\/","title":{"rendered":"Minturno, nuovo arresto per la stalker del parroco"},"content":{"rendered":"<div id=\"fb-root\"><\/div>\n<p><a href=\"http:\/\/www.radioluna.it\/news\/wp-content\/uploads\/2015\/09\/CARABINIERI-GENERICA-ANTONIO.jpg\"><img loading=\"lazy\" decoding=\"async\" class=\"aligncenter wp-image-169186\" src=\"http:\/\/www.radioluna.it\/news\/wp-content\/uploads\/2015\/09\/CARABINIERI-GENERICA-ANTONIO-635x356.jpg\" width=\"689\" height=\"387\" srcset=\"https:\/\/www.radioluna.it\/news\/wp-content\/uploads\/2015\/09\/CARABINIERI-GENERICA-ANTONIO-635x356.jpg 635w, https:\/\/www.radioluna.it\/news\/wp-content\/uploads\/2015\/09\/CARABINIERI-GENERICA-ANTONIO-768x431.jpg 768w, https:\/\/www.radioluna.it\/news\/wp-content\/uploads\/2015\/09\/CARABINIERI-GENERICA-ANTONIO-500x281.jpg 500w, https:\/\/www.radioluna.it\/news\/wp-content\/uploads\/2015\/09\/CARABINIERI-GENERICA-ANTONIO-300x168.jpg 300w, https:\/\/www.radioluna.it\/news\/wp-content\/uploads\/2015\/09\/CARABINIERI-GENERICA-ANTONIO-1024x575.jpg 1024w, https:\/\/www.radioluna.it\/news\/wp-content\/uploads\/2015\/09\/CARABINIERI-GENERICA-ANTONIO-800x449.jpg 800w, https:\/\/www.radioluna.it\/news\/wp-content\/uploads\/2015\/09\/CARABINIERI-GENERICA-ANTONIO.jpg 1000w\" sizes=\"auto, (max-width: 689px) 100vw, 689px\" \/><\/a><\/p>\n<p style=\"text-align: justify;\"><strong>MINTURNO &#8211;<\/strong> Era ossessionata dal parroco della parrocchia di San Pietro a Minturno. Gi\u00e0 nei giorni scorsi era finita in manette ma l&#8217;arresto non era stato convalidato perch\u00e8 il sacerdote non aveva presentato la denuncia. Ieri una donna di 47 anni residente a Formia, \u00e8 tornata alla carica e si \u00e8 presentata in chiesa e ha aggredito Don Luca, immediatamente sono intervenuti i carabinieri che hanno fermato la donna finita nuovamente in manette e che attualmente si trova agli arresti domiciliari.<\/p>\n","protected":false},"excerpt":{"rendered":"<p>MINTURNO &#8211; Era ossessionata dal parroco della parrocchia di San Pietro a Minturno. Gi\u00e0 nei giorni scorsi era finita in manette ma l&#8217;arresto non era stato convalidato perch\u00e8 il sacerdote non aveva presentato la denuncia. Ieri una donna di 47 anni residente a Formia, \u00e8 tornata alla carica e si \u00e8 presentata in chiesa e [&hellip;]<\/p>\n","protected":false},"author":60,"featured_media":169186,"comment_status":"open","ping_status":"closed","sticky":false,"template":"","format":"standard","meta":{"footnotes":""},"categories":[7],"tags":[],"class_list":["post-189545","post","type-post","status-publish","format-standard","has-post-thumbnail","hentry","category-cronaca"],"_links":{"self":[{"href":"https:\/\/www.radioluna.it\/news\/wp-json\/wp\/v2\/posts\/189545","targetHints":{"allow":["GET"]}}],"collection":[{"href":"https:\/\/www.radioluna.it\/news\/wp-json\/wp\/v2\/posts"}],"about":[{"href":"https:\/\/www.radioluna.it\/news\/wp-json\/wp\/v2\/types\/post"}],"author":[{"embeddable":true,"href":"https:\/\/www.radioluna.it\/news\/wp-json\/wp\/v2\/users\/60"}],"replies":[{"embeddable":true,"href":"https:\/\/www.radioluna.it\/news\/wp-json\/wp\/v2\/comments?post=189545"}],"version-history":[{"count":0,"href":"https:\/\/www.radioluna.it\/news\/wp-json\/wp\/v2\/posts\/189545\/revisions"}],"wp:featuredmedia":[{"embeddable":true,"href":"https:\/\/www.radioluna.it\/news\/wp-json\/wp\/v2\/media\/169186"}],"wp:attachment":[{"href":"https:\/\/www.radioluna.it\/news\/wp-json\/wp\/v2\/media?parent=189545"}],"wp:term":[{"taxonomy":"category","embeddable":true,"href":"https:\/\/www.radioluna.it\/news\/wp-json\/wp\/v2\/categories?post=189545"},{"taxonomy":"post_tag","embeddable":true,"href":"https:\/\/www.radioluna.it\/news\/wp-json\/wp\/v2\/tags?post=189545"}],"curies":[{"name":"wp","href":"https:\/\/api.w.org\/{rel}","templated":true}]}}