{"id":189666,"date":"2017-02-21T09:37:47","date_gmt":"2017-02-21T08:37:47","guid":{"rendered":"http:\/\/www.radioluna.it\/news\/?p=189666"},"modified":"2017-02-21T10:39:37","modified_gmt":"2017-02-21T09:39:37","slug":"latina-sciopero-degli-ambulanti-al-mercato-del-martedi-meta-dei-banchi-chiusi","status":"publish","type":"post","link":"https:\/\/www.radioluna.it\/news\/2017\/02\/latina-sciopero-degli-ambulanti-al-mercato-del-martedi-meta-dei-banchi-chiusi\/","title":{"rendered":"Latina, sciopero degli ambulanti: al mercato del marted\u00ec la met\u00e0 non ha aperto il banco"},"content":{"rendered":"<div id=\"fb-root\"><\/div>\n<p style=\"text-align: justify;\"><strong><img loading=\"lazy\" decoding=\"async\" class=\"aligncenter size-thumbnail wp-image-189670\" src=\"http:\/\/www.radioluna.it\/news\/wp-content\/uploads\/2017\/02\/MERCATO-MARTED\u00ec-SCIOPERO-689x388.jpg\" alt=\"\" width=\"689\" height=\"388\" srcset=\"https:\/\/www.radioluna.it\/news\/wp-content\/uploads\/2017\/02\/MERCATO-MARTED\u00ec-SCIOPERO-689x388.jpg 689w, https:\/\/www.radioluna.it\/news\/wp-content\/uploads\/2017\/02\/MERCATO-MARTED\u00ec-SCIOPERO-300x169.jpg 300w, https:\/\/www.radioluna.it\/news\/wp-content\/uploads\/2017\/02\/MERCATO-MARTED\u00ec-SCIOPERO-768x432.jpg 768w, https:\/\/www.radioluna.it\/news\/wp-content\/uploads\/2017\/02\/MERCATO-MARTED\u00ec-SCIOPERO-800x450.jpg 800w, https:\/\/www.radioluna.it\/news\/wp-content\/uploads\/2017\/02\/MERCATO-MARTED\u00ec-SCIOPERO.jpg 1000w\" sizes=\"auto, (max-width: 689px) 100vw, 689px\" \/>LATINA<\/strong> &#8211; \u00a0E&#8217; in corso anche a Latina lo sciopero degli ambulanti del mercato settimanale contro la Direttiva Bolkenstein. I banchi aperti sono meno della met\u00e0 dei 400 totali che il marted\u00ec trovano spazio nell&#8217;area in Via Rossetti. Si \u00e8 registrata anche qualche tensione tra i titolari delle licenze che hanno deciso di aderire allo sciopero nazionale e chi ha invece deciso di aprire regolarmente.<\/p>\n<p style=\"text-align: justify;\">I venditori, che si sono dati appuntamento questa mattina a Roma sotto Montecitorio, secondo quanto previsto dall&#8217;articolo n. 12 della direttiva Bolkenstein, dovranno partecipare ai bandi per il rinnovo delle licenze insieme agli ambulanti di tutta Europa e alle societ\u00e0 di capitali. Lo spirito delle nuove norme, momentaneamente congelate, \u00a0\u00e8 infatti tutelare il principio della libera circolazione anche dei servizi e l\u2019abbattimento delle barriere tra i vari Paesi. A discapito di chi opera da anni nel settore.<\/p>\n<div id=\"attachment_189679\" style=\"width: 550px\" class=\"wp-caption aligncenter\"><img loading=\"lazy\" decoding=\"async\" aria-describedby=\"caption-attachment-189679\" class=\"wp-image-189679 size-full\" src=\"http:\/\/www.radioluna.it\/news\/wp-content\/uploads\/2017\/02\/sciopero-a-roma.jpg\" width=\"540\" height=\"960\" srcset=\"https:\/\/www.radioluna.it\/news\/wp-content\/uploads\/2017\/02\/sciopero-a-roma.jpg 540w, https:\/\/www.radioluna.it\/news\/wp-content\/uploads\/2017\/02\/sciopero-a-roma-169x300.jpg 169w\" sizes=\"auto, (max-width: 540px) 100vw, 540px\" \/><p id=\"caption-attachment-189679\" class=\"wp-caption-text\">i manifestanti a Roma<\/p><\/div>\n<p>&nbsp;<\/p>\n","protected":false},"excerpt":{"rendered":"<p>LATINA &#8211; \u00a0E&#8217; in corso anche a Latina lo sciopero degli ambulanti del mercato settimanale contro la Direttiva Bolkenstein. I banchi aperti sono meno della met\u00e0 dei 400 totali che il marted\u00ec trovano spazio nell&#8217;area in Via Rossetti. Si \u00e8 registrata anche qualche tensione tra i titolari delle licenze che hanno deciso di aderire allo [&hellip;]<\/p>\n","protected":false},"author":62,"featured_media":189670,"comment_status":"open","ping_status":"closed","sticky":false,"template":"","format":"standard","meta":{"footnotes":""},"categories":[11],"tags":[],"class_list":["post-189666","post","type-post","status-publish","format-standard","has-post-thumbnail","hentry","category-economia"],"_links":{"self":[{"href":"https:\/\/www.radioluna.it\/news\/wp-json\/wp\/v2\/posts\/189666","targetHints":{"allow":["GET"]}}],"collection":[{"href":"https:\/\/www.radioluna.it\/news\/wp-json\/wp\/v2\/posts"}],"about":[{"href":"https:\/\/www.radioluna.it\/news\/wp-json\/wp\/v2\/types\/post"}],"author":[{"embeddable":true,"href":"https:\/\/www.radioluna.it\/news\/wp-json\/wp\/v2\/users\/62"}],"replies":[{"embeddable":true,"href":"https:\/\/www.radioluna.it\/news\/wp-json\/wp\/v2\/comments?post=189666"}],"version-history":[{"count":0,"href":"https:\/\/www.radioluna.it\/news\/wp-json\/wp\/v2\/posts\/189666\/revisions"}],"wp:featuredmedia":[{"embeddable":true,"href":"https:\/\/www.radioluna.it\/news\/wp-json\/wp\/v2\/media\/189670"}],"wp:attachment":[{"href":"https:\/\/www.radioluna.it\/news\/wp-json\/wp\/v2\/media?parent=189666"}],"wp:term":[{"taxonomy":"category","embeddable":true,"href":"https:\/\/www.radioluna.it\/news\/wp-json\/wp\/v2\/categories?post=189666"},{"taxonomy":"post_tag","embeddable":true,"href":"https:\/\/www.radioluna.it\/news\/wp-json\/wp\/v2\/tags?post=189666"}],"curies":[{"name":"wp","href":"https:\/\/api.w.org\/{rel}","templated":true}]}}