{"id":189749,"date":"2017-02-22T23:20:50","date_gmt":"2017-02-22T22:20:50","guid":{"rendered":"http:\/\/www.radioluna.it\/news\/?p=189749"},"modified":"2017-02-23T09:15:28","modified_gmt":"2017-02-23T08:15:28","slug":"addio-libera-cosi-come-sei-non-ci-piaci-piu-gli-attivisti-di-latina-aprilia-cisterna-fuori-dallassociazione-antimafia-di-don-ciotti","status":"publish","type":"post","link":"https:\/\/www.radioluna.it\/news\/2017\/02\/addio-libera-cosi-come-sei-non-ci-piaci-piu-gli-attivisti-di-latina-aprilia-cisterna-fuori-dallassociazione-antimafia-di-don-ciotti\/","title":{"rendered":"Addio Libera, cos\u00ec come sei non ci piaci pi\u00f9. Gli attivisti di Latina, Aprilia, Cisterna escono dall&#8217;associazione Antimafia di Don Ciotti"},"content":{"rendered":"<div id=\"fb-root\"><\/div>\n<p style=\"text-align: justify;\"><img loading=\"lazy\" decoding=\"async\" class=\"aligncenter size-thumbnail wp-image-189750\" src=\"http:\/\/www.radioluna.it\/news\/wp-content\/uploads\/2017\/02\/reti-di-giustizia-689x517.jpg\" alt=\"\" width=\"689\" height=\"517\" srcset=\"https:\/\/www.radioluna.it\/news\/wp-content\/uploads\/2017\/02\/reti-di-giustizia-689x517.jpg 689w, https:\/\/www.radioluna.it\/news\/wp-content\/uploads\/2017\/02\/reti-di-giustizia-300x225.jpg 300w, https:\/\/www.radioluna.it\/news\/wp-content\/uploads\/2017\/02\/reti-di-giustizia-768x576.jpg 768w, https:\/\/www.radioluna.it\/news\/wp-content\/uploads\/2017\/02\/reti-di-giustizia-800x600.jpg 800w, https:\/\/www.radioluna.it\/news\/wp-content\/uploads\/2017\/02\/reti-di-giustizia.jpg 960w\" sizes=\"auto, (max-width: 689px) 100vw, 689px\" \/><strong>LATINA<\/strong> &#8211; Gli attivisti di Libera escono dall&#8217;associazione antimafia fondata da Don Ciotti. Lo annunciano presidii, gruppi e \u00a0soci di Latina, Anzio, Nettuno, Aprilia e Cisterna. Non un fulmine a ciel sereno, dal momento che da tempo la base soffriva per un cambio di orientamento poco condiviso. Una decisione comunque sofferta. Ne \u00e8 nata Reti di Giustizia.<\/p>\n<p style=\"text-align: justify;\">&#8220;In questo ultimo periodo i rapporti tra la dirigenza dell&#8217;associazione e gli iscritti di questi territori si sono profondamente deteriorati, a fronte di una linea di chiusura verso il nostro territorio non motivata e delegittimando il lavoro svolto da tutti noi&#8221;, spiegano i fuoriusciti, che fin da ragazzini sono stati sotto l&#8217;ala del sacerdote antimafia ma che oggi fanno valere l&#8217;autonomia di pensiero che gli \u00e8 stata insegnata e si dicono in disaccordo su tutta la linea.<\/p>\n<p style=\"text-align: justify;\">Un salto, ma non nel buio per decine di giovani e meno giovani che in questi mesi si sono confrontati per arrivare all&#8217;annuncio di queste ore: &#8220;La nostra decisione di uscire da Libera \u00e8 stata molto sofferta in quanto continuiamo a riconoscerci in tutti i principi che Libera ha proposto e portato avanti dalla sua fondazione fino al passato recente. Negli ultimi anni infatti, l&#8217;associazione in cui credevamo ha avviato un profondo cambiamento di cui non sono ancora chiari portata e obiettivi: pi\u00f9 che gli ideali che ne sono stati sinora la base oggi le priorit\u00e0 sembrano essere gli aspetti economici, la visibilit\u00e0 mediatica, le attivit\u00e0 di lobbying&#8221;.<\/p>\n<p style=\"text-align: justify;\">E come se non bastasse, l&#8217;esplicita affermazione della non condivisione del nuovo corso: &#8220;La centralizzazione autoritaria delle decisioni, l&#8217;incapacit\u00e0\u00a0 di riconoscere gli errori, il permettere alladicotomia fedele\/infedele (e infedele \u00e8 chi non la pensa come l&#8217;Ufficio di presidenza o osa porre problemi o obiezioni) di predominare dentro l&#8217;associazione, il ricondurre tutti i problemi che nascono ad aspetti personali e non \u201cpolitici\u201d, nascondendo il tutto dietro un generico e velleitario \u201cva tutto bene\u201d o un altrettanto generico \u201cvogliamoci bene\u201d generalizzato, sono alcuni dei sintomi di questa deriva dell&#8217;associazione&#8221;.<\/p>\n<p style=\"text-align: justify;\">Non viene meno per\u00f2 la voglia di esserci lo stesso, di restare per continuare a \u00a0costruire il cambiamento: &#8220;Siamo tutti convinti che \u00e8 essenziale continuare ad impegnarci nei territori come abbiamo fatto sino ad ora, per questo costituiremo un\u2019associazione che si chiamer\u00e0 \u201cReti di Giustizia\u201d con l&#8217;obiettivo di informare sulla presenza della criminalit\u00e0 organizzata e delle mafie nei nostri territori, di denunciare il diffondersi della corruzione e di contrastare la diffusione della (pseudo) cultura mafiosa che ne \u00e8 la matrice. Formazione nelle scuole, informazione pubblica, sostegno all&#8217;inclusione sociale, cultura e sviluppo della cooperazione sociale per progetti sui beni confiscati e sequestrati sono solo alcuni dei temi e degli obiettivi che porteremo avanti&#8221;.<\/p>\n","protected":false},"excerpt":{"rendered":"<p>LATINA &#8211; Gli attivisti di Libera escono dall&#8217;associazione antimafia fondata da Don Ciotti. Lo annunciano presidii, gruppi e \u00a0soci di Latina, Anzio, Nettuno, Aprilia e Cisterna. Non un fulmine a ciel sereno, dal momento che da tempo la base soffriva per un cambio di orientamento poco condiviso. Una decisione comunque sofferta. Ne \u00e8 nata Reti [&hellip;]<\/p>\n","protected":false},"author":62,"featured_media":189750,"comment_status":"open","ping_status":"closed","sticky":false,"template":"","format":"standard","meta":{"footnotes":""},"categories":[7],"tags":[],"class_list":["post-189749","post","type-post","status-publish","format-standard","has-post-thumbnail","hentry","category-cronaca"],"_links":{"self":[{"href":"https:\/\/www.radioluna.it\/news\/wp-json\/wp\/v2\/posts\/189749","targetHints":{"allow":["GET"]}}],"collection":[{"href":"https:\/\/www.radioluna.it\/news\/wp-json\/wp\/v2\/posts"}],"about":[{"href":"https:\/\/www.radioluna.it\/news\/wp-json\/wp\/v2\/types\/post"}],"author":[{"embeddable":true,"href":"https:\/\/www.radioluna.it\/news\/wp-json\/wp\/v2\/users\/62"}],"replies":[{"embeddable":true,"href":"https:\/\/www.radioluna.it\/news\/wp-json\/wp\/v2\/comments?post=189749"}],"version-history":[{"count":0,"href":"https:\/\/www.radioluna.it\/news\/wp-json\/wp\/v2\/posts\/189749\/revisions"}],"wp:featuredmedia":[{"embeddable":true,"href":"https:\/\/www.radioluna.it\/news\/wp-json\/wp\/v2\/media\/189750"}],"wp:attachment":[{"href":"https:\/\/www.radioluna.it\/news\/wp-json\/wp\/v2\/media?parent=189749"}],"wp:term":[{"taxonomy":"category","embeddable":true,"href":"https:\/\/www.radioluna.it\/news\/wp-json\/wp\/v2\/categories?post=189749"},{"taxonomy":"post_tag","embeddable":true,"href":"https:\/\/www.radioluna.it\/news\/wp-json\/wp\/v2\/tags?post=189749"}],"curies":[{"name":"wp","href":"https:\/\/api.w.org\/{rel}","templated":true}]}}