{"id":189799,"date":"2017-02-23T18:25:33","date_gmt":"2017-02-23T17:25:33","guid":{"rendered":"http:\/\/www.radioluna.it\/news\/?p=189799"},"modified":"2017-02-24T06:06:51","modified_gmt":"2017-02-24T05:06:51","slug":"aprilia-coltellate-fuori-dal-bar-grave-un-26enne","status":"publish","type":"post","link":"https:\/\/www.radioluna.it\/news\/2017\/02\/aprilia-coltellate-fuori-dal-bar-grave-un-26enne\/","title":{"rendered":"Aprilia, coltellate fuori dal bar: grave un 26enne"},"content":{"rendered":"<div id=\"fb-root\"><\/div>\n<p><a href=\"http:\/\/www.radioluna.it\/news\/wp-content\/uploads\/2015\/09\/CARABINIERI-GENERICA-ANTONIO.jpg\"><img loading=\"lazy\" decoding=\"async\" class=\"aligncenter wp-image-169186\" src=\"http:\/\/www.radioluna.it\/news\/wp-content\/uploads\/2015\/09\/CARABINIERI-GENERICA-ANTONIO-635x356.jpg\" width=\"689\" height=\"387\" srcset=\"https:\/\/www.radioluna.it\/news\/wp-content\/uploads\/2015\/09\/CARABINIERI-GENERICA-ANTONIO-635x356.jpg 635w, https:\/\/www.radioluna.it\/news\/wp-content\/uploads\/2015\/09\/CARABINIERI-GENERICA-ANTONIO-768x431.jpg 768w, https:\/\/www.radioluna.it\/news\/wp-content\/uploads\/2015\/09\/CARABINIERI-GENERICA-ANTONIO-500x281.jpg 500w, https:\/\/www.radioluna.it\/news\/wp-content\/uploads\/2015\/09\/CARABINIERI-GENERICA-ANTONIO-300x168.jpg 300w, https:\/\/www.radioluna.it\/news\/wp-content\/uploads\/2015\/09\/CARABINIERI-GENERICA-ANTONIO-1024x575.jpg 1024w, https:\/\/www.radioluna.it\/news\/wp-content\/uploads\/2015\/09\/CARABINIERI-GENERICA-ANTONIO-800x449.jpg 800w, https:\/\/www.radioluna.it\/news\/wp-content\/uploads\/2015\/09\/CARABINIERI-GENERICA-ANTONIO.jpg 1000w\" sizes=\"auto, (max-width: 689px) 100vw, 689px\" \/><\/a><\/p>\n<p style=\"text-align: justify;\"><strong>APRILIA &#8211;<\/strong>\u00a0<span style=\"color: #414141;\"><span style=\"font-family: Georgia, serif;\"><span style=\"font-size: medium;\">Una violenta discussione davanti ad un bar ad Aprilia \u00e8 finita a coltellate: la lite \u00e8 scoppiata nel parcheggio antistante un bar di via Aldo Moro e a riportare la peggio \u00e8 stato \u00a026enne di Lanuvio che \u00e8 rimasto gravemente ferito. L&#8217;autore dell&#8217;aggressione, un 19enne di Aprilia, \u00e8 stato individuato e questa mattina si \u00e8 costituito in Procura ed \u00e8 stato interrogato, per lui \u00e8 scattato il fermo.<\/span><\/span><\/span><\/p>\n","protected":false},"excerpt":{"rendered":"<p>APRILIA &#8211;\u00a0Una violenta discussione davanti ad un bar ad Aprilia \u00e8 finita a coltellate: la lite \u00e8 scoppiata nel parcheggio antistante un bar di via Aldo Moro e a riportare la peggio \u00e8 stato \u00a026enne di Lanuvio che \u00e8 rimasto gravemente ferito. L&#8217;autore dell&#8217;aggressione, un 19enne di Aprilia, \u00e8 stato individuato e questa mattina si [&hellip;]<\/p>\n","protected":false},"author":60,"featured_media":169186,"comment_status":"open","ping_status":"closed","sticky":false,"template":"","format":"standard","meta":{"footnotes":""},"categories":[7],"tags":[],"class_list":["post-189799","post","type-post","status-publish","format-standard","has-post-thumbnail","hentry","category-cronaca"],"_links":{"self":[{"href":"https:\/\/www.radioluna.it\/news\/wp-json\/wp\/v2\/posts\/189799","targetHints":{"allow":["GET"]}}],"collection":[{"href":"https:\/\/www.radioluna.it\/news\/wp-json\/wp\/v2\/posts"}],"about":[{"href":"https:\/\/www.radioluna.it\/news\/wp-json\/wp\/v2\/types\/post"}],"author":[{"embeddable":true,"href":"https:\/\/www.radioluna.it\/news\/wp-json\/wp\/v2\/users\/60"}],"replies":[{"embeddable":true,"href":"https:\/\/www.radioluna.it\/news\/wp-json\/wp\/v2\/comments?post=189799"}],"version-history":[{"count":0,"href":"https:\/\/www.radioluna.it\/news\/wp-json\/wp\/v2\/posts\/189799\/revisions"}],"wp:featuredmedia":[{"embeddable":true,"href":"https:\/\/www.radioluna.it\/news\/wp-json\/wp\/v2\/media\/169186"}],"wp:attachment":[{"href":"https:\/\/www.radioluna.it\/news\/wp-json\/wp\/v2\/media?parent=189799"}],"wp:term":[{"taxonomy":"category","embeddable":true,"href":"https:\/\/www.radioluna.it\/news\/wp-json\/wp\/v2\/categories?post=189799"},{"taxonomy":"post_tag","embeddable":true,"href":"https:\/\/www.radioluna.it\/news\/wp-json\/wp\/v2\/tags?post=189799"}],"curies":[{"name":"wp","href":"https:\/\/api.w.org\/{rel}","templated":true}]}}