{"id":189816,"date":"2017-02-24T09:22:19","date_gmt":"2017-02-24T08:22:19","guid":{"rendered":"http:\/\/www.radioluna.it\/news\/?p=189816"},"modified":"2017-02-24T10:04:48","modified_gmt":"2017-02-24T09:04:48","slug":"a-santa-domitilla-una-giornata-tra-arte-e-fede-con-il-segretario-del-papa","status":"publish","type":"post","link":"https:\/\/www.radioluna.it\/news\/2017\/02\/a-santa-domitilla-una-giornata-tra-arte-e-fede-con-il-segretario-del-papa\/","title":{"rendered":"A Santa Domitilla una giornata tra arte e fede con il Segretario del Papa"},"content":{"rendered":"<div id=\"fb-root\"><\/div>\n<p style=\"text-align: justify;\"><strong><img loading=\"lazy\" decoding=\"async\" class=\"aligncenter size-full wp-image-189817\" src=\"http:\/\/www.radioluna.it\/news\/wp-content\/uploads\/2017\/02\/via-crucis.jpg\" alt=\"\" width=\"293\" height=\"318\" srcset=\"https:\/\/www.radioluna.it\/news\/wp-content\/uploads\/2017\/02\/via-crucis.jpg 293w, https:\/\/www.radioluna.it\/news\/wp-content\/uploads\/2017\/02\/via-crucis-276x300.jpg 276w\" sizes=\"auto, (max-width: 293px) 100vw, 293px\" \/>LATINA &#8211; \u00a0I<\/strong>l segretario personale di Papa Francesco, Monsignor Yoannis Lahzi Gaid, inaugurer\u00e0 nella parrocchia Santa Domitilla la Via Crucis in stile copto dell&#8217;artista egiziano Akraam Isaac, ispirata a Suor Carla, delle Piccole Sorelle di Ges\u00f9. L&#8217;appuntamento \u00e8 per domani, sabato 25 febbraio alle 17,30, con una cerimonia religiosa che sar\u00e0 animata dall&#8217;orchestra dei Giovani Filarmonici pontini, \u00a0alla presenza del benefattore giordano, Abu Youseph, che ha sostenuto le spese per l&#8217;opera.<br \/>\n&#8220;Per la Parrocchia e per la Citt\u00e0 di Latina &#8211; spiega Don Gianni Toni &#8211; \u00a0\u00e8 un arricchimento possedere delle tele di particolare espressione pittorica che non passeranno inosservate al mondo dell&#8217;arte e ovviamente sar\u00e0 l&#8217;occasione per quanti hanno fede a riflettere sulla sofferenza e morte del Figlio di Dio. E&#8217; un momento particolarmente significativo per la parrocchia, dopo l&#8217;inaugurazione avvenuta pochi mesi fa delle grandi vetrate che riproducono i giorni della creazione&#8221;.<\/p>\n<p>Per l&#8217;occasione la parrocchia ospiter\u00e0 anche l&#8217;immagine della Madonna Addolorata del venerd\u00ec santo di Sezze con la confraternita della Buona morte.<\/p>\n","protected":false},"excerpt":{"rendered":"<p>LATINA &#8211; \u00a0Il segretario personale di Papa Francesco, Monsignor Yoannis Lahzi Gaid, inaugurer\u00e0 nella parrocchia Santa Domitilla la Via Crucis in stile copto dell&#8217;artista egiziano Akraam Isaac, ispirata a Suor Carla, delle Piccole Sorelle di Ges\u00f9. L&#8217;appuntamento \u00e8 per domani, sabato 25 febbraio alle 17,30, con una cerimonia religiosa che sar\u00e0 animata dall&#8217;orchestra dei Giovani [&hellip;]<\/p>\n","protected":false},"author":62,"featured_media":189817,"comment_status":"open","ping_status":"closed","sticky":false,"template":"","format":"standard","meta":{"footnotes":""},"categories":[16],"tags":[],"class_list":["post-189816","post","type-post","status-publish","format-standard","has-post-thumbnail","hentry","category-appuntamenti"],"_links":{"self":[{"href":"https:\/\/www.radioluna.it\/news\/wp-json\/wp\/v2\/posts\/189816","targetHints":{"allow":["GET"]}}],"collection":[{"href":"https:\/\/www.radioluna.it\/news\/wp-json\/wp\/v2\/posts"}],"about":[{"href":"https:\/\/www.radioluna.it\/news\/wp-json\/wp\/v2\/types\/post"}],"author":[{"embeddable":true,"href":"https:\/\/www.radioluna.it\/news\/wp-json\/wp\/v2\/users\/62"}],"replies":[{"embeddable":true,"href":"https:\/\/www.radioluna.it\/news\/wp-json\/wp\/v2\/comments?post=189816"}],"version-history":[{"count":0,"href":"https:\/\/www.radioluna.it\/news\/wp-json\/wp\/v2\/posts\/189816\/revisions"}],"wp:featuredmedia":[{"embeddable":true,"href":"https:\/\/www.radioluna.it\/news\/wp-json\/wp\/v2\/media\/189817"}],"wp:attachment":[{"href":"https:\/\/www.radioluna.it\/news\/wp-json\/wp\/v2\/media?parent=189816"}],"wp:term":[{"taxonomy":"category","embeddable":true,"href":"https:\/\/www.radioluna.it\/news\/wp-json\/wp\/v2\/categories?post=189816"},{"taxonomy":"post_tag","embeddable":true,"href":"https:\/\/www.radioluna.it\/news\/wp-json\/wp\/v2\/tags?post=189816"}],"curies":[{"name":"wp","href":"https:\/\/api.w.org\/{rel}","templated":true}]}}