{"id":190064,"date":"2017-03-01T10:26:55","date_gmt":"2017-03-01T09:26:55","guid":{"rendered":"http:\/\/www.radioluna.it\/news\/?p=190064"},"modified":"2017-03-01T10:52:42","modified_gmt":"2017-03-01T09:52:42","slug":"il-tesoretto-di-10-milioni-di-crediti-accumulati-dal-comune-per-far-ripartire-la-cittadella-giudiziaria","status":"publish","type":"post","link":"https:\/\/www.radioluna.it\/news\/2017\/03\/il-tesoretto-di-10-milioni-di-crediti-accumulati-dal-comune-per-far-ripartire-la-cittadella-giudiziaria\/","title":{"rendered":"Il tesoretto di 10 milioni di crediti che il Ministero deve al Comune per far ripartire la Cittadella giudiziaria"},"content":{"rendered":"<div id=\"fb-root\"><\/div>\n<div id=\"attachment_117256\" style=\"width: 310px\" class=\"wp-caption alignleft\"><img loading=\"lazy\" decoding=\"async\" aria-describedby=\"caption-attachment-117256\" class=\"wp-image-117256 size-full\" src=\"http:\/\/www.radioluna.it\/news\/wp-content\/uploads\/2012\/03\/cittadella.jpg\" width=\"300\" height=\"225\" \/><p id=\"caption-attachment-117256\" class=\"wp-caption-text\">Il cantiere della cittadella giudiziaria di Latina<\/p><\/div>\n<p style=\"text-align: justify;\"><strong>LATINA<\/strong> &#8211; Uno spiraglio per il cantiere bloccato da anni della Cittadella Giudiziaria di Latina. Ieri il senatore Claudio Moscardelli e il sindaco di Latina Damiano Coletta hanno incontrato a Roma il Ministro della Giustizia Andrea Orlando che si \u00e8 detto disponile a trovare una soluzione.<\/p>\n<p style=\"text-align: justify;\">Il Comune deve avere dal Ministero per gli affitti dei locali attuali della Procura in Via Ezio, oltre 10 milioni di euro anticipati fino al 2015. L&#8217;accordo per far ripartire il cantiere ed evitare l&#8217;ulteriore deterioramento dell&#8217;immobile rimasto a met\u00e0, parte proprio da questo tesoretto al quale dovrebbero aggiungersi altre somme messe a disposizione dal Ministero. Il lavori ripartirebbero proprio dal completamento dell&#8217;edificio destinato alla Procura ricompresi in un primo stralcio come ha spiegato a Radio Luna nella puntata di oggi de Le Cose in Comune il sindaco Damiano Coletta ASCOLTA<\/p>\n<audio class=\"wp-audio-shortcode\" id=\"audio-190064-1\" preload=\"none\" style=\"width: 100%;\" controls=\"controls\"><source type=\"audio\/mpeg\" src=\"http:\/\/www.radioluna.it\/news\/wp-content\/uploads\/2017\/03\/CITTADELLA.mp3?_=1\" \/><a href=\"http:\/\/www.radioluna.it\/news\/wp-content\/uploads\/2017\/03\/CITTADELLA.mp3\">http:\/\/www.radioluna.it\/news\/wp-content\/uploads\/2017\/03\/CITTADELLA.mp3<\/a><\/audio>\n<p style=\"text-align: justify;\">E non \u00e8 solo la Cittadella giudiziaria all&#8217;attenzione di Via Arenula: il senatore Moscardelli e il sindaco Coletta hanno presentato al Guardasigilli anche la questione del carcere di Via Aspromonte e l&#8217;esigenza per Latina di costruire una nuova struttura decentrandola.<\/p>\n<p style=\"text-align: justify;\">\u00a0\u201cOccorreva una soluzione diversa dalla faraonica cittadella \u2013 dice Moscardelli &#8211; visto che le risorse non bastavano neppure per terminare il solo edificio della Procura\u201d, spiegando qual \u00e8 la proposta fatta Il Ministro Orlando si \u00e8 detto disponibile consapevole della necessit\u00e0 di un intervento urgente. &#8220;Avendo predisposto un piano di interventi per l&#8217;edilizia penitenziaria, il Ministro ha espresso una volont\u00e0 positiva e l&#8217;esistenza delle condizioni necessarie per dotare Latina di una nuova struttura carceraria&#8221; riferisce il senatore pontino del Pd.<\/p>\n","protected":false},"excerpt":{"rendered":"<p>LATINA &#8211; Uno spiraglio per il cantiere bloccato da anni della Cittadella Giudiziaria di Latina. Ieri il senatore Claudio Moscardelli e il sindaco di Latina Damiano Coletta hanno incontrato a Roma il Ministro della Giustizia Andrea Orlando che si \u00e8 detto disponile a trovare una soluzione. Il Comune deve avere dal Ministero per gli affitti [&hellip;]<\/p>\n","protected":false},"author":62,"featured_media":117256,"comment_status":"open","ping_status":"closed","sticky":false,"template":"","format":"standard","meta":{"footnotes":""},"categories":[2310,8],"tags":[],"class_list":["post-190064","post","type-post","status-publish","format-standard","has-post-thumbnail","hentry","category-audio","category-politica"],"_links":{"self":[{"href":"https:\/\/www.radioluna.it\/news\/wp-json\/wp\/v2\/posts\/190064","targetHints":{"allow":["GET"]}}],"collection":[{"href":"https:\/\/www.radioluna.it\/news\/wp-json\/wp\/v2\/posts"}],"about":[{"href":"https:\/\/www.radioluna.it\/news\/wp-json\/wp\/v2\/types\/post"}],"author":[{"embeddable":true,"href":"https:\/\/www.radioluna.it\/news\/wp-json\/wp\/v2\/users\/62"}],"replies":[{"embeddable":true,"href":"https:\/\/www.radioluna.it\/news\/wp-json\/wp\/v2\/comments?post=190064"}],"version-history":[{"count":0,"href":"https:\/\/www.radioluna.it\/news\/wp-json\/wp\/v2\/posts\/190064\/revisions"}],"wp:featuredmedia":[{"embeddable":true,"href":"https:\/\/www.radioluna.it\/news\/wp-json\/wp\/v2\/media\/117256"}],"wp:attachment":[{"href":"https:\/\/www.radioluna.it\/news\/wp-json\/wp\/v2\/media?parent=190064"}],"wp:term":[{"taxonomy":"category","embeddable":true,"href":"https:\/\/www.radioluna.it\/news\/wp-json\/wp\/v2\/categories?post=190064"},{"taxonomy":"post_tag","embeddable":true,"href":"https:\/\/www.radioluna.it\/news\/wp-json\/wp\/v2\/tags?post=190064"}],"curies":[{"name":"wp","href":"https:\/\/api.w.org\/{rel}","templated":true}]}}