{"id":190329,"date":"2017-03-06T16:19:39","date_gmt":"2017-03-06T15:19:39","guid":{"rendered":"http:\/\/www.radioluna.it\/news\/?p=190329"},"modified":"2017-03-06T16:19:39","modified_gmt":"2017-03-06T15:19:39","slug":"avvocati-pontini-nominato-il-commissario-esterno","status":"publish","type":"post","link":"https:\/\/www.radioluna.it\/news\/2017\/03\/avvocati-pontini-nominato-il-commissario-esterno\/","title":{"rendered":"Avvocati pontini, nominato il commissario esterno"},"content":{"rendered":"<div id=\"fb-root\"><\/div>\n<div id=\"attachment_5339\" style=\"width: 510px\" class=\"wp-caption aligncenter\"><img loading=\"lazy\" decoding=\"async\" aria-describedby=\"caption-attachment-5339\" class=\"wp-image-5339 size-full\" src=\"http:\/\/www.radioluna.it\/news\/wp-content\/uploads\/2010\/06\/4229257.jpg\" width=\"500\" height=\"375\" srcset=\"https:\/\/www.radioluna.it\/news\/wp-content\/uploads\/2010\/06\/4229257.jpg 500w, https:\/\/www.radioluna.it\/news\/wp-content\/uploads\/2010\/06\/4229257-300x225.jpg 300w\" sizes=\"auto, (max-width: 500px) 100vw, 500px\" \/><p id=\"caption-attachment-5339\" class=\"wp-caption-text\">Il Tribunale di Latina<\/p><\/div>\n<p style=\"text-align: justify;\"><strong>LATINA<\/strong> &#8211; Dopo l&#8217;ultimo botta e risposta tra il Presidente destituito Gianni Lauretti e il ricorrente Dino Lucchetti, \u00e8 stato nominato il commissario che guider\u00e0 gli avvocati del Foro di Latina verso nuove elezioni. Un atto dovuto \u00a0dopo l&#8217;annullamento di fatto delle ultime consultazioni da parte delle Sezioni Unite della Cassazione che hanno giudicato illegittimo il regolamento sulla base del quale quelle elezioni si erano svolte. Punto e a capo.<\/p>\n<p style=\"text-align: justify;\">Stefano Bertollini avvocato di Anzio e anche ex sindaco della citt\u00e1, iscritto al Foro di Velletri dove \u00e8 segretario del Consiglio dell&#8217;Ordine, \u00e8 il commissario scelto oggi dal Ministro della Giustizia Andrea Orlando. Entro 4 mesi dovr\u00e1 indire l&#8217;assemblea per le nuove elezioni.<\/p>\n","protected":false},"excerpt":{"rendered":"<p>LATINA &#8211; Dopo l&#8217;ultimo botta e risposta tra il Presidente destituito Gianni Lauretti e il ricorrente Dino Lucchetti, \u00e8 stato nominato il commissario che guider\u00e0 gli avvocati del Foro di Latina verso nuove elezioni. Un atto dovuto \u00a0dopo l&#8217;annullamento di fatto delle ultime consultazioni da parte delle Sezioni Unite della Cassazione che hanno giudicato illegittimo [&hellip;]<\/p>\n","protected":false},"author":62,"featured_media":5339,"comment_status":"open","ping_status":"closed","sticky":false,"template":"","format":"standard","meta":{"footnotes":""},"categories":[7],"tags":[],"class_list":["post-190329","post","type-post","status-publish","format-standard","has-post-thumbnail","hentry","category-cronaca"],"_links":{"self":[{"href":"https:\/\/www.radioluna.it\/news\/wp-json\/wp\/v2\/posts\/190329","targetHints":{"allow":["GET"]}}],"collection":[{"href":"https:\/\/www.radioluna.it\/news\/wp-json\/wp\/v2\/posts"}],"about":[{"href":"https:\/\/www.radioluna.it\/news\/wp-json\/wp\/v2\/types\/post"}],"author":[{"embeddable":true,"href":"https:\/\/www.radioluna.it\/news\/wp-json\/wp\/v2\/users\/62"}],"replies":[{"embeddable":true,"href":"https:\/\/www.radioluna.it\/news\/wp-json\/wp\/v2\/comments?post=190329"}],"version-history":[{"count":0,"href":"https:\/\/www.radioluna.it\/news\/wp-json\/wp\/v2\/posts\/190329\/revisions"}],"wp:featuredmedia":[{"embeddable":true,"href":"https:\/\/www.radioluna.it\/news\/wp-json\/wp\/v2\/media\/5339"}],"wp:attachment":[{"href":"https:\/\/www.radioluna.it\/news\/wp-json\/wp\/v2\/media?parent=190329"}],"wp:term":[{"taxonomy":"category","embeddable":true,"href":"https:\/\/www.radioluna.it\/news\/wp-json\/wp\/v2\/categories?post=190329"},{"taxonomy":"post_tag","embeddable":true,"href":"https:\/\/www.radioluna.it\/news\/wp-json\/wp\/v2\/tags?post=190329"}],"curies":[{"name":"wp","href":"https:\/\/api.w.org\/{rel}","templated":true}]}}