{"id":190446,"date":"2017-03-08T13:24:10","date_gmt":"2017-03-08T12:24:10","guid":{"rendered":"http:\/\/www.radioluna.it\/news\/?p=190446"},"modified":"2017-03-08T13:24:10","modified_gmt":"2017-03-08T12:24:10","slug":"vigilia-di-fallimento-del-latina-calcio-coletta-scrive-alla-citta","status":"publish","type":"post","link":"https:\/\/www.radioluna.it\/news\/2017\/03\/vigilia-di-fallimento-del-latina-calcio-coletta-scrive-alla-citta\/","title":{"rendered":"Vigilia di fallimento del Latina Calcio, Coletta scrive alla citt\u00e0"},"content":{"rendered":"<div id=\"fb-root\"><\/div>\n<p style=\"text-align: justify;\"><strong><img loading=\"lazy\" decoding=\"async\" class=\"aligncenter size-thumbnail wp-image-180738\" src=\"http:\/\/www.radioluna.it\/news\/wp-content\/uploads\/2016\/07\/coletta-briganti-costanzo-689x458.jpg\" alt=\"\" width=\"689\" height=\"458\" srcset=\"https:\/\/www.radioluna.it\/news\/wp-content\/uploads\/2016\/07\/coletta-briganti-costanzo-689x458.jpg 689w, https:\/\/www.radioluna.it\/news\/wp-content\/uploads\/2016\/07\/coletta-briganti-costanzo-300x200.jpg 300w, https:\/\/www.radioluna.it\/news\/wp-content\/uploads\/2016\/07\/coletta-briganti-costanzo-768x511.jpg 768w, https:\/\/www.radioluna.it\/news\/wp-content\/uploads\/2016\/07\/coletta-briganti-costanzo.jpg 800w\" sizes=\"auto, (max-width: 689px) 100vw, 689px\" \/>LATINA<\/strong> &#8211; Non parla solo da sindaco, ma da calciatore che ha indossato la maglia nerazzurra e da tifoso, il primo cittadino di Latina Damiano Coletta che oggi alla vigili della sentenza di fallimento del Tribunale Fallimentare prende carta e penna e scrive alla citt\u00e0, lanciando un appello anche all&#8217; imprenditoria sana perch\u00e9 supporti il movimento sportivo \u00a0<em>Riceviamo e volentieri pubblichiamo\u00a0<\/em><\/p>\n<p>Oltre al Primo cittadino,<br \/>\nparla l\u2019ex capitano del Latina Calcio.<br \/>\nParla l\u2019ex dirigente che in uno dei momenti pi\u00f9 bui della storia del Latina Calcio si \u00e8 impegnato, insieme a tanti concittadini, a ricostruire una nuova societ\u00e0 ripartendo dalle categorie inferiori.<br \/>\nParla il tifoso che tutte le domeniche ha a cuore le sorti della maglia nerazzurra.<\/p>\n<p>Domani, gioved\u00ec 9 marzo, \u00e8 un giorno importante per il presente e soprattutto per il futuro del Latina Calcio. Da Primo cittadino auspico che si possa trovare una soluzione che, nell\u2019ambito di un percorso di legalit\u00e0 e di rispetto di regole e normative, possa garantire la possibilit\u00e0 di un futuro migliore in termini di stabilit\u00e0, solidit\u00e0 e soprattutto di immagine societaria. Cosicch\u00e9 il calcio a Latina sia in grado di meritare, anche su questi aspetti, l\u2019importante categoria che occupa. E rispetto a questo, sempre da Primo cittadino, faccio appello all\u2019imprenditoria locale affinch\u00e9 supporti tutto il movimento sportivo della citt\u00e0.<\/p>\n<p>Da ex capitano, da ex dirigente, da tifoso auspico che, sempre nel rispetto delle regole e delle leggi, Latina possa continuare a sostenere la propria squadra e a sperare in una salvezza da conquistare sportivamente e con merito sul campo.<\/p>\n<p>Il Sindaco<br \/>\nDamiano Coletta<\/p>\n","protected":false},"excerpt":{"rendered":"<p>LATINA &#8211; Non parla solo da sindaco, ma da calciatore che ha indossato la maglia nerazzurra e da tifoso, il primo cittadino di Latina Damiano Coletta che oggi alla vigili della sentenza di fallimento del Tribunale Fallimentare prende carta e penna e scrive alla citt\u00e0, lanciando un appello anche all&#8217; imprenditoria sana perch\u00e9 supporti il [&hellip;]<\/p>\n","protected":false},"author":62,"featured_media":180738,"comment_status":"open","ping_status":"closed","sticky":false,"template":"","format":"standard","meta":{"footnotes":""},"categories":[17],"tags":[],"class_list":["post-190446","post","type-post","status-publish","format-standard","has-post-thumbnail","hentry","category-sport"],"_links":{"self":[{"href":"https:\/\/www.radioluna.it\/news\/wp-json\/wp\/v2\/posts\/190446","targetHints":{"allow":["GET"]}}],"collection":[{"href":"https:\/\/www.radioluna.it\/news\/wp-json\/wp\/v2\/posts"}],"about":[{"href":"https:\/\/www.radioluna.it\/news\/wp-json\/wp\/v2\/types\/post"}],"author":[{"embeddable":true,"href":"https:\/\/www.radioluna.it\/news\/wp-json\/wp\/v2\/users\/62"}],"replies":[{"embeddable":true,"href":"https:\/\/www.radioluna.it\/news\/wp-json\/wp\/v2\/comments?post=190446"}],"version-history":[{"count":0,"href":"https:\/\/www.radioluna.it\/news\/wp-json\/wp\/v2\/posts\/190446\/revisions"}],"wp:featuredmedia":[{"embeddable":true,"href":"https:\/\/www.radioluna.it\/news\/wp-json\/wp\/v2\/media\/180738"}],"wp:attachment":[{"href":"https:\/\/www.radioluna.it\/news\/wp-json\/wp\/v2\/media?parent=190446"}],"wp:term":[{"taxonomy":"category","embeddable":true,"href":"https:\/\/www.radioluna.it\/news\/wp-json\/wp\/v2\/categories?post=190446"},{"taxonomy":"post_tag","embeddable":true,"href":"https:\/\/www.radioluna.it\/news\/wp-json\/wp\/v2\/tags?post=190446"}],"curies":[{"name":"wp","href":"https:\/\/api.w.org\/{rel}","templated":true}]}}