{"id":190542,"date":"2017-03-10T09:09:38","date_gmt":"2017-03-10T08:09:38","guid":{"rendered":"http:\/\/www.radioluna.it\/news\/?p=190542"},"modified":"2017-03-10T09:09:38","modified_gmt":"2017-03-10T08:09:38","slug":"top-volley-bagnoli-presenta-la-sfida-con-milano","status":"publish","type":"post","link":"https:\/\/www.radioluna.it\/news\/2017\/03\/top-volley-bagnoli-presenta-la-sfida-con-milano\/","title":{"rendered":"Top Volley: Bagnoli presenta la sfida con Milano"},"content":{"rendered":"<div id=\"fb-root\"><\/div>\n<p style=\"text-align: justify\"><a href=\"http:\/\/www.radioluna.it\/news\/wp-content\/uploads\/2017\/03\/bagnoli_091.jpg\"><img loading=\"lazy\" decoding=\"async\" class=\"aligncenter wp-image-190545 size-thumbnail\" src=\"http:\/\/www.radioluna.it\/news\/wp-content\/uploads\/2017\/03\/bagnoli_091-689x460.jpg\" alt=\"\" width=\"689\" height=\"460\" srcset=\"https:\/\/www.radioluna.it\/news\/wp-content\/uploads\/2017\/03\/bagnoli_091-689x460.jpg 689w, https:\/\/www.radioluna.it\/news\/wp-content\/uploads\/2017\/03\/bagnoli_091-300x200.jpg 300w, https:\/\/www.radioluna.it\/news\/wp-content\/uploads\/2017\/03\/bagnoli_091-768x513.jpg 768w, https:\/\/www.radioluna.it\/news\/wp-content\/uploads\/2017\/03\/bagnoli_091-800x534.jpg 800w, https:\/\/www.radioluna.it\/news\/wp-content\/uploads\/2017\/03\/bagnoli_091.jpg 1000w\" sizes=\"auto, (max-width: 689px) 100vw, 689px\" \/><\/a><\/p>\n<p style=\"text-align: justify\">LATINA- Ieri presso la sede della Top Volley si \u00e8 tenuta la<strong> conferenza stampa del tecnico pontino Daniele Bagnoli<\/strong> che ha presentato la sfida contro Milano in programma questa <strong>domenica 12 marzo alle 18.00 al PalaBianchini<\/strong> di Latina, una gara importante per la <em>Challenge Cup<\/em>, che vede i pontini impegnati ancora una volta sul campo di casa e ancora una volta contro la formazione lombarda che nell&#8217;ultima di campionato di SuperLega UnipolSai ha conquistato la giornata in tre <em>set<\/em>, a fare gli onori di casa il responsabile comunicazione e marketing oltre a ricoprire il ruolo di speaker della squadra, Giuseppe Baratta.<\/p>\n<audio class=\"wp-audio-shortcode\" id=\"audio-190542-1\" preload=\"none\" style=\"width: 100%;\" controls=\"controls\"><source type=\"audio\/mpeg\" src=\"http:\/\/www.radioluna.it\/news\/wp-content\/uploads\/2017\/03\/bagnoli_gara_1.mp3?_=1\" \/><a href=\"http:\/\/www.radioluna.it\/news\/wp-content\/uploads\/2017\/03\/bagnoli_gara_1.mp3\">http:\/\/www.radioluna.it\/news\/wp-content\/uploads\/2017\/03\/bagnoli_gara_1.mp3<\/a><\/audio>\n<p style=\"text-align: justify\">\u201c<em>Arriviamo a questo torneo con tanta voglia di riscatto, vogliamo dimostrare sul campo che l\u2019ultima gara di campionato non ci ha trovato al meglio dal punto di vista mentale e fisico. Dobbiamo partire da questa gara per continuare quello che di buono si era visto durante la stagione<\/em> -afferma il tecnico di casa- <em>Abbiamo qualche acciacco fisico, ma \u00e8 normale in questa fase della stagione. Nell&#8217;analizzare\u00a0la gara di Milano ho tenuto conto delle ultime gare. Siamo arrivati all&#8217;incontro\u00a0con Perugia nelle condizioni ottimali, il cambiamento del calendario ci ha tagliato le gambe. In particolar modo \u00e8 stata la trasferta di Vibo per poi non avere le energia per affrontare Milano. Una trasferta infrasettimanale di 8 ore che ci ha penalizzato anche negli allenamenti e nei recuperi. Ogni gara ha risentito della partita precedente, questo ci \u00e8 costato parecchio. Poi ci sono state delle assenze importanti, soprattutto quella del libero che ci ha tolto anche uno schiacciatore. Ci\u00f2 non toglie che le possibilit\u00e0 che abbiamo avuto sul campo, non le abbiamo sfruttate, la squadra contro Sora, Padova e Perugia valeva i playoff, questo \u00e8 il rammarico. Ora stiamo lavorando sui fondamentali che non hanno funzionato. Poi alla fine della stagione questi discorsi lasceranno il tempo che trovano, perch\u00e9\u00a0conteranno solo i risultati. Dobbiamo essere realisti e prendere quello che viene gara per gara. A Latina mi sono trovato bene, c\u2019\u00e8 tutto per lavorare bene. Il budget influisce troppo nella Superlega, quindi le squadre di seconda fascia devono sempre attendere, poi \u00e8 cresciuta la concorrenza di molti altri paesi. Per questa societ\u00e0 sarebbe importante confermare alcuni giocatori anche nel prossimo futuro. Solo quando cadr\u00e0 l\u2019ultima palla ci incontreremo con la societ\u00e0 per parlare del futuro<\/em>\u201d.<\/p>\n<p><iframe loading=\"lazy\" title=\"Daniele Bagnoli prima di Latina-Milano\" width=\"740\" height=\"416\" src=\"https:\/\/www.youtube.com\/embed\/Ev4Y4woyZHs?feature=oembed\" frameborder=\"0\" allow=\"accelerometer; autoplay; clipboard-write; encrypted-media; gyroscope; picture-in-picture; web-share\" referrerpolicy=\"strict-origin-when-cross-origin\" allowfullscreen><\/iframe><\/p>\n<p>&nbsp;<\/p>\n","protected":false},"excerpt":{"rendered":"<p>LATINA- Ieri presso la sede della Top Volley si \u00e8 tenuta la conferenza stampa del tecnico pontino Daniele Bagnoli che ha presentato la sfida contro Milano in programma questa domenica 12 marzo alle 18.00 al PalaBianchini di Latina, una gara importante per la Challenge Cup, che vede i pontini impegnati ancora una volta sul campo [&hellip;]<\/p>\n","protected":false},"author":5430,"featured_media":190546,"comment_status":"open","ping_status":"closed","sticky":false,"template":"","format":"standard","meta":{"footnotes":""},"categories":[17],"tags":[],"class_list":["post-190542","post","type-post","status-publish","format-standard","has-post-thumbnail","hentry","category-sport"],"_links":{"self":[{"href":"https:\/\/www.radioluna.it\/news\/wp-json\/wp\/v2\/posts\/190542","targetHints":{"allow":["GET"]}}],"collection":[{"href":"https:\/\/www.radioluna.it\/news\/wp-json\/wp\/v2\/posts"}],"about":[{"href":"https:\/\/www.radioluna.it\/news\/wp-json\/wp\/v2\/types\/post"}],"author":[{"embeddable":true,"href":"https:\/\/www.radioluna.it\/news\/wp-json\/wp\/v2\/users\/5430"}],"replies":[{"embeddable":true,"href":"https:\/\/www.radioluna.it\/news\/wp-json\/wp\/v2\/comments?post=190542"}],"version-history":[{"count":0,"href":"https:\/\/www.radioluna.it\/news\/wp-json\/wp\/v2\/posts\/190542\/revisions"}],"wp:featuredmedia":[{"embeddable":true,"href":"https:\/\/www.radioluna.it\/news\/wp-json\/wp\/v2\/media\/190546"}],"wp:attachment":[{"href":"https:\/\/www.radioluna.it\/news\/wp-json\/wp\/v2\/media?parent=190542"}],"wp:term":[{"taxonomy":"category","embeddable":true,"href":"https:\/\/www.radioluna.it\/news\/wp-json\/wp\/v2\/categories?post=190542"},{"taxonomy":"post_tag","embeddable":true,"href":"https:\/\/www.radioluna.it\/news\/wp-json\/wp\/v2\/tags?post=190542"}],"curies":[{"name":"wp","href":"https:\/\/api.w.org\/{rel}","templated":true}]}}