{"id":190557,"date":"2017-03-10T11:24:28","date_gmt":"2017-03-10T10:24:28","guid":{"rendered":"http:\/\/www.radioluna.it\/news\/?p=190557"},"modified":"2017-03-10T16:30:18","modified_gmt":"2017-03-10T15:30:18","slug":"resti-in-un-cassonetto-a-latina-scalo-controlli-in-corso","status":"publish","type":"post","link":"https:\/\/www.radioluna.it\/news\/2017\/03\/resti-in-un-cassonetto-a-latina-scalo-controlli-in-corso\/","title":{"rendered":"Resti maleodoranti in un cassonetto a Latina Scalo, bimba si sente male"},"content":{"rendered":"<div id=\"fb-root\"><\/div>\n<p style=\"text-align: justify;\"><strong><img loading=\"lazy\" decoding=\"async\" class=\"aligncenter size-thumbnail wp-image-190564\" src=\"http:\/\/www.radioluna.it\/news\/wp-content\/uploads\/2017\/03\/lt-scalo-emergenza-689x458.jpg\" alt=\"\" width=\"689\" height=\"458\" srcset=\"https:\/\/www.radioluna.it\/news\/wp-content\/uploads\/2017\/03\/lt-scalo-emergenza-689x458.jpg 689w, https:\/\/www.radioluna.it\/news\/wp-content\/uploads\/2017\/03\/lt-scalo-emergenza-300x200.jpg 300w, https:\/\/www.radioluna.it\/news\/wp-content\/uploads\/2017\/03\/lt-scalo-emergenza-768x511.jpg 768w, https:\/\/www.radioluna.it\/news\/wp-content\/uploads\/2017\/03\/lt-scalo-emergenza.jpg 800w\" sizes=\"auto, (max-width: 689px) 100vw, 689px\" \/>LATINA<\/strong> &#8211; I Vigili del fuoco hanno prelevato un solvente, probabilmente mal utilizzato, da un appartamento e da un cassonetto su via del Murillo a Latina Scalo. Gi\u00e0 ieri sera qualcuno aveva chiamato i Vigili del fuoco per il cattivo odore che arrivava dall&#8217;appartamento al primo piano di un palazzo e a causa del quale una bambina di 5 anni ha avvertito dei mancamenti. Questa mattina, al momento di svuotare il cassonetto dell&#8217;immondizia davanti quella abitazione, appena lasciata da alcuni inquilini che erano in affitto, i lavoratori della Latina Ambiente hanno richiamato i Vigili del fuoco perch\u00e8 l&#8217;odore era talmente forte da far pensare a resti organici. In allarme l&#8217;intera zona. La bambina \u00e8 stata portata in ospedale dove \u00e8 stata ricoverata in codice giallo. Un prelievo di materiale \u00e8 stato effettuato dai vigili del fuoco intervenuti con un gruppo specializzato e sar\u00e0 inviato ora all&#8217;Arpa per i controlli e per capire la natura esatta, anche e soprattutto per capire con curare la piccola. Sul posto sono intervenuti carabinieri, vigili del fuoco e 118.<\/p>\n","protected":false},"excerpt":{"rendered":"<p>LATINA &#8211; I Vigili del fuoco hanno prelevato un solvente, probabilmente mal utilizzato, da un appartamento e da un cassonetto su via del Murillo a Latina Scalo. Gi\u00e0 ieri sera qualcuno aveva chiamato i Vigili del fuoco per il cattivo odore che arrivava dall&#8217;appartamento al primo piano di un palazzo e a causa del quale [&hellip;]<\/p>\n","protected":false},"author":62,"featured_media":190564,"comment_status":"open","ping_status":"closed","sticky":false,"template":"","format":"standard","meta":{"footnotes":""},"categories":[7],"tags":[],"class_list":["post-190557","post","type-post","status-publish","format-standard","has-post-thumbnail","hentry","category-cronaca"],"_links":{"self":[{"href":"https:\/\/www.radioluna.it\/news\/wp-json\/wp\/v2\/posts\/190557","targetHints":{"allow":["GET"]}}],"collection":[{"href":"https:\/\/www.radioluna.it\/news\/wp-json\/wp\/v2\/posts"}],"about":[{"href":"https:\/\/www.radioluna.it\/news\/wp-json\/wp\/v2\/types\/post"}],"author":[{"embeddable":true,"href":"https:\/\/www.radioluna.it\/news\/wp-json\/wp\/v2\/users\/62"}],"replies":[{"embeddable":true,"href":"https:\/\/www.radioluna.it\/news\/wp-json\/wp\/v2\/comments?post=190557"}],"version-history":[{"count":0,"href":"https:\/\/www.radioluna.it\/news\/wp-json\/wp\/v2\/posts\/190557\/revisions"}],"wp:featuredmedia":[{"embeddable":true,"href":"https:\/\/www.radioluna.it\/news\/wp-json\/wp\/v2\/media\/190564"}],"wp:attachment":[{"href":"https:\/\/www.radioluna.it\/news\/wp-json\/wp\/v2\/media?parent=190557"}],"wp:term":[{"taxonomy":"category","embeddable":true,"href":"https:\/\/www.radioluna.it\/news\/wp-json\/wp\/v2\/categories?post=190557"},{"taxonomy":"post_tag","embeddable":true,"href":"https:\/\/www.radioluna.it\/news\/wp-json\/wp\/v2\/tags?post=190557"}],"curies":[{"name":"wp","href":"https:\/\/api.w.org\/{rel}","templated":true}]}}